{"id":35454,"date":"2026-03-06T12:47:07","date_gmt":"2026-03-06T17:47:07","guid":{"rendered":"https:\/\/vocesdelaregion.com\/?p=35454"},"modified":"2026-03-12T13:28:04","modified_gmt":"2026-03-12T18:28:04","slug":"tejiendo-confianza-sembrando-sonrisas-en-belalcazar","status":"publish","type":"post","link":"https:\/\/vocesdelaregion.com\/index.php\/2026\/03\/06\/tejiendo-confianza-sembrando-sonrisas-en-belalcazar\/","title":{"rendered":"Tejiendo Confianza, Sembrando Sonrisas En Belalc\u00e1zar"},"content":{"rendered":"\n<p><strong>Polic\u00eda, comerciantes y comunidad entregaron m\u00e1s de 24 ayudas alimentarias para ayudar a la comunidad a trav\u00e9s de una jornada solidaria<\/strong><\/p>\n\n\n\n<p>En el coraz\u00f3n de Belalc\u00e1zar, conocido como el \u201cBalc\u00f3n del Paisaje\u201d, se llev\u00f3 a cabo la campa\u00f1a \u201cTejiendo Confianza, Sembrando Sonrisas\u201d, una jornada solidaria liderada por la Polic\u00eda Nacional con el apoyo de comerciantes y la comunidad, que permiti\u00f3 beneficiar a 22 familias de la zona urbana y rural del municipio.<\/p>\n\n\n\n<figure class=\"wp-block-gallery has-nested-images columns-default is-cropped wp-block-gallery-1 is-layout-flex wp-block-gallery-is-layout-flex\">\n<figure class=\"wp-block-image size-large\"><img fetchpriority=\"high\" decoding=\"async\" width=\"1024\" height=\"768\" data-id=\"35456\" src=\"https:\/\/vocesdelaregion.com\/wp-content\/uploads\/2026\/03\/TEJIENDO-CONFIANZA-SEMBRANDO-SONRISAS-EN-BELALCAZAR-1024x768.jpeg\" alt=\"\" class=\"wp-image-35456\" srcset=\"https:\/\/vocesdelaregion.com\/wp-content\/uploads\/2026\/03\/TEJIENDO-CONFIANZA-SEMBRANDO-SONRISAS-EN-BELALCAZAR-1024x768.jpeg 1024w, https:\/\/vocesdelaregion.com\/wp-content\/uploads\/2026\/03\/TEJIENDO-CONFIANZA-SEMBRANDO-SONRISAS-EN-BELALCAZAR-300x225.jpeg 300w, https:\/\/vocesdelaregion.com\/wp-content\/uploads\/2026\/03\/TEJIENDO-CONFIANZA-SEMBRANDO-SONRISAS-EN-BELALCAZAR-768x576.jpeg 768w, https:\/\/vocesdelaregion.com\/wp-content\/uploads\/2026\/03\/TEJIENDO-CONFIANZA-SEMBRANDO-SONRISAS-EN-BELALCAZAR-1536x1152.jpeg 1536w, https:\/\/vocesdelaregion.com\/wp-content\/uploads\/2026\/03\/TEJIENDO-CONFIANZA-SEMBRANDO-SONRISAS-EN-BELALCAZAR-136x102.jpeg 136w, https:\/\/vocesdelaregion.com\/wp-content\/uploads\/2026\/03\/TEJIENDO-CONFIANZA-SEMBRANDO-SONRISAS-EN-BELALCAZAR.jpeg 1600w\" sizes=\"(max-width: 1024px) 100vw, 1024px\" \/><\/figure>\n\n\n\n<figure class=\"wp-block-image size-large\"><img decoding=\"async\" width=\"1024\" height=\"768\" data-id=\"35455\" src=\"https:\/\/vocesdelaregion.com\/wp-content\/uploads\/2026\/03\/TEJIENDO-CONFIANZA-SEMBRANDO-SONRISAS-EN-BELALCAZAR-4-1024x768.jpeg\" alt=\"\" class=\"wp-image-35455\" srcset=\"https:\/\/vocesdelaregion.com\/wp-content\/uploads\/2026\/03\/TEJIENDO-CONFIANZA-SEMBRANDO-SONRISAS-EN-BELALCAZAR-4-1024x768.jpeg 1024w, https:\/\/vocesdelaregion.com\/wp-content\/uploads\/2026\/03\/TEJIENDO-CONFIANZA-SEMBRANDO-SONRISAS-EN-BELALCAZAR-4-300x225.jpeg 300w, https:\/\/vocesdelaregion.com\/wp-content\/uploads\/2026\/03\/TEJIENDO-CONFIANZA-SEMBRANDO-SONRISAS-EN-BELALCAZAR-4-768x576.jpeg 768w, https:\/\/vocesdelaregion.com\/wp-content\/uploads\/2026\/03\/TEJIENDO-CONFIANZA-SEMBRANDO-SONRISAS-EN-BELALCAZAR-4-1536x1152.jpeg 1536w, https:\/\/vocesdelaregion.com\/wp-content\/uploads\/2026\/03\/TEJIENDO-CONFIANZA-SEMBRANDO-SONRISAS-EN-BELALCAZAR-4-136x102.jpeg 136w, https:\/\/vocesdelaregion.com\/wp-content\/uploads\/2026\/03\/TEJIENDO-CONFIANZA-SEMBRANDO-SONRISAS-EN-BELALCAZAR-4.jpeg 1600w\" sizes=\"(max-width: 1024px) 100vw, 1024px\" \/><\/figure>\n<\/figure>\n\n\n\n<p>Esta iniciativa surge a partir de los patrullajes constantes que realizan los uniformados por los diferentes sectores del municipio. En medio de ese contacto permanente con la ciudadan\u00eda, se lograron identificar varios casos de familias de escasos recursos que requer\u00edan apoyo y acompa\u00f1amiento.<\/p>\n\n\n\n<p>Gracias al respaldo de comerciantes que decidieron sumarse a esta iniciativa solidaria, fue posible reunir m\u00e1s de 24 ayudas alimentarias que posteriormente fueron entregadas a familias de los barrios Villa Aid\u00e9, La Poceta, La Marina, La Quiebra y Miraflores, as\u00ed como de las veredas San Isidro, La Habana, La Cristalina y El Rosario.<\/p>\n\n\n\n<figure class=\"wp-block-gallery has-nested-images columns-default is-cropped wp-block-gallery-2 is-layout-flex wp-block-gallery-is-layout-flex\">\n<figure class=\"wp-block-image size-large\"><img decoding=\"async\" width=\"1024\" height=\"768\" data-id=\"35458\" src=\"https:\/\/vocesdelaregion.com\/wp-content\/uploads\/2026\/03\/TEJIENDO-CONFIANZA-SEMBRANDO-SONRISAS-EN-BELALCAZAR-3-1024x768.jpeg\" alt=\"\" class=\"wp-image-35458\" srcset=\"https:\/\/vocesdelaregion.com\/wp-content\/uploads\/2026\/03\/TEJIENDO-CONFIANZA-SEMBRANDO-SONRISAS-EN-BELALCAZAR-3-1024x768.jpeg 1024w, https:\/\/vocesdelaregion.com\/wp-content\/uploads\/2026\/03\/TEJIENDO-CONFIANZA-SEMBRANDO-SONRISAS-EN-BELALCAZAR-3-300x225.jpeg 300w, https:\/\/vocesdelaregion.com\/wp-content\/uploads\/2026\/03\/TEJIENDO-CONFIANZA-SEMBRANDO-SONRISAS-EN-BELALCAZAR-3-768x576.jpeg 768w, https:\/\/vocesdelaregion.com\/wp-content\/uploads\/2026\/03\/TEJIENDO-CONFIANZA-SEMBRANDO-SONRISAS-EN-BELALCAZAR-3-1536x1152.jpeg 1536w, https:\/\/vocesdelaregion.com\/wp-content\/uploads\/2026\/03\/TEJIENDO-CONFIANZA-SEMBRANDO-SONRISAS-EN-BELALCAZAR-3-136x102.jpeg 136w, https:\/\/vocesdelaregion.com\/wp-content\/uploads\/2026\/03\/TEJIENDO-CONFIANZA-SEMBRANDO-SONRISAS-EN-BELALCAZAR-3.jpeg 1600w\" sizes=\"(max-width: 1024px) 100vw, 1024px\" \/><\/figure>\n\n\n\n<figure class=\"wp-block-image size-large\"><img loading=\"lazy\" decoding=\"async\" width=\"1024\" height=\"768\" data-id=\"35457\" src=\"https:\/\/vocesdelaregion.com\/wp-content\/uploads\/2026\/03\/TEJIENDO-CONFIANZA-SEMBRANDO-SONRISAS-EN-BELALCAZAR-5-1024x768.jpeg\" alt=\"\" class=\"wp-image-35457\" srcset=\"https:\/\/vocesdelaregion.com\/wp-content\/uploads\/2026\/03\/TEJIENDO-CONFIANZA-SEMBRANDO-SONRISAS-EN-BELALCAZAR-5-1024x768.jpeg 1024w, https:\/\/vocesdelaregion.com\/wp-content\/uploads\/2026\/03\/TEJIENDO-CONFIANZA-SEMBRANDO-SONRISAS-EN-BELALCAZAR-5-300x225.jpeg 300w, https:\/\/vocesdelaregion.com\/wp-content\/uploads\/2026\/03\/TEJIENDO-CONFIANZA-SEMBRANDO-SONRISAS-EN-BELALCAZAR-5-768x576.jpeg 768w, https:\/\/vocesdelaregion.com\/wp-content\/uploads\/2026\/03\/TEJIENDO-CONFIANZA-SEMBRANDO-SONRISAS-EN-BELALCAZAR-5-1536x1153.jpeg 1536w, https:\/\/vocesdelaregion.com\/wp-content\/uploads\/2026\/03\/TEJIENDO-CONFIANZA-SEMBRANDO-SONRISAS-EN-BELALCAZAR-5-136x102.jpeg 136w, https:\/\/vocesdelaregion.com\/wp-content\/uploads\/2026\/03\/TEJIENDO-CONFIANZA-SEMBRANDO-SONRISAS-EN-BELALCAZAR-5.jpeg 1599w\" sizes=\"(max-width: 1024px) 100vw, 1024px\" \/><\/figure>\n<\/figure>\n\n\n\n<p>Cada entrega se convirti\u00f3 tambi\u00e9n en un espacio de di\u00e1logo y cercan\u00eda con la comunidad, reafirmando que la seguridad y el bienestar se construyen en equipo. M\u00e1s que una ayuda material, la jornada represent\u00f3 un mensaje de esperanza, solidaridad y compromiso social.<\/p>\n\n\n\n<figure class=\"wp-block-embed is-type-video is-provider-youtube wp-block-embed-youtube wp-embed-aspect-16-9 wp-has-aspect-ratio\"><div class=\"wp-block-embed__wrapper\">\n<iframe title=\"Tejiendo confianza Belalc\u00e1zar\" width=\"640\" height=\"360\" src=\"https:\/\/www.youtube.com\/embed\/8K9oUy-NFrQ?feature=oembed\" frameborder=\"0\" allow=\"accelerometer; autoplay; clipboard-write; encrypted-media; gyroscope; picture-in-picture; web-share\" referrerpolicy=\"strict-origin-when-cross-origin\" allowfullscreen><\/iframe>\n<\/div><\/figure>\n\n\n\n<p>Con estas acciones, la Polic\u00eda Comunitaria y las autoridades locales reiteran su voluntad de continuar trabajando de la mano con la comunidad, impulsando iniciativas que contribuyan al bienestar y al mejoramiento de la calidad de vida de quienes m\u00e1s lo necesitan. Porque cuando trabajamos unidos, no solo tejemos confianza: tambi\u00e9n sembramos sonrisas que fortalecen el tejido social del municipio.<\/p>\n\n\n\n<p>Finalmente, invitamos a toda la comunidad a unirnos con un mismo objetivo: su seguridad. Denuncie oportunamente a la l\u00ednea 123 cualquier hecho que afecte la seguridad ciudadana.<\/p>\n","protected":false},"excerpt":{"rendered":"<p>Polic\u00eda, comerciantes y comunidad entregaron m\u00e1s de 24 ayudas alimentarias para ayudar a la comunidad a trav\u00e9s de una jornada solidaria En el coraz\u00f3n de Belalc\u00e1zar, conocido como el \u201cBalc\u00f3n del Paisaje\u201d, se llev\u00f3 a cabo la campa\u00f1a \u201cTejiendo Confianza, Sembrando Sonrisas\u201d, una jornada solidaria liderada por la Polic\u00eda Nacional con el apoyo de comerciantes [&hellip;]<\/p>\n","protected":false},"author":1,"featured_media":35459,"comment_status":"closed","ping_status":"closed","sticky":false,"template":"","format":"standard","meta":{"om_disable_all_campaigns":false,"_monsterinsights_skip_tracking":false,"_monsterinsights_sitenote_active":false,"_monsterinsights_sitenote_note":"","_monsterinsights_sitenote_category":0,"_uf_show_specific_survey":0,"_uf_disable_surveys":false,"footnotes":""},"categories":[23,27],"tags":[],"class_list":["post-35454","post","type-post","status-publish","format-standard","has-post-thumbnail","hentry","category-belalcazar","category-occidente-prospero"],"aioseo_notices":[],"blog_post_layout_featured_media_urls":{"thumbnail":["https:\/\/vocesdelaregion.com\/wp-content\/uploads\/2026\/03\/TEJIENDO-CONFIANZA-SEMBRANDO-SONRISAS-EN-BELALCAZAR-2-150x150.jpeg",150,150,true],"full":["https:\/\/vocesdelaregion.com\/wp-content\/uploads\/2026\/03\/TEJIENDO-CONFIANZA-SEMBRANDO-SONRISAS-EN-BELALCAZAR-2.jpeg",1600,1200,false]},"categories_names":{"23":{"name":"Belalc\u00e1zar","link":"https:\/\/vocesdelaregion.com\/index.php\/category\/occidente-prospero\/belalcazar\/"},"27":{"name":"Occidente Pr\u00f3spero","link":"https:\/\/vocesdelaregion.com\/index.php\/category\/occidente-prospero\/"}},"tags_names":[],"comments_number":"0","wpmagazine_modules_lite_featured_media_urls":{"thumbnail":["https:\/\/vocesdelaregion.com\/wp-content\/uploads\/2026\/03\/TEJIENDO-CONFIANZA-SEMBRANDO-SONRISAS-EN-BELALCAZAR-2-150x150.jpeg",150,150,true],"cvmm-medium":["https:\/\/vocesdelaregion.com\/wp-content\/uploads\/2026\/03\/TEJIENDO-CONFIANZA-SEMBRANDO-SONRISAS-EN-BELALCAZAR-2-300x300.jpeg",300,300,true],"cvmm-medium-plus":["https:\/\/vocesdelaregion.com\/wp-content\/uploads\/2026\/03\/TEJIENDO-CONFIANZA-SEMBRANDO-SONRISAS-EN-BELALCAZAR-2-305x207.jpeg",305,207,true],"cvmm-portrait":["https:\/\/vocesdelaregion.com\/wp-content\/uploads\/2026\/03\/TEJIENDO-CONFIANZA-SEMBRANDO-SONRISAS-EN-BELALCAZAR-2-400x600.jpeg",400,600,true],"cvmm-medium-square":["https:\/\/vocesdelaregion.com\/wp-content\/uploads\/2026\/03\/TEJIENDO-CONFIANZA-SEMBRANDO-SONRISAS-EN-BELALCAZAR-2-600x600.jpeg",600,600,true],"cvmm-large":["https:\/\/vocesdelaregion.com\/wp-content\/uploads\/2026\/03\/TEJIENDO-CONFIANZA-SEMBRANDO-SONRISAS-EN-BELALCAZAR-2-1024x1024.jpeg",1024,1024,true],"cvmm-small":["https:\/\/vocesdelaregion.com\/wp-content\/uploads\/2026\/03\/TEJIENDO-CONFIANZA-SEMBRANDO-SONRISAS-EN-BELALCAZAR-2-130x95.jpeg",130,95,true],"full":["https:\/\/vocesdelaregion.com\/wp-content\/uploads\/2026\/03\/TEJIENDO-CONFIANZA-SEMBRANDO-SONRISAS-EN-BELALCAZAR-2.jpeg",1600,1200,false]},"_links":{"self":[{"href":"https:\/\/vocesdelaregion.com\/index.php\/wp-json\/wp\/v2\/posts\/35454","targetHints":{"allow":["GET"]}}],"collection":[{"href":"https:\/\/vocesdelaregion.com\/index.php\/wp-json\/wp\/v2\/posts"}],"about":[{"href":"https:\/\/vocesdelaregion.com\/index.php\/wp-json\/wp\/v2\/types\/post"}],"author":[{"embeddable":true,"href":"https:\/\/vocesdelaregion.com\/index.php\/wp-json\/wp\/v2\/users\/1"}],"replies":[{"embeddable":true,"href":"https:\/\/vocesdelaregion.com\/index.php\/wp-json\/wp\/v2\/comments?post=35454"}],"version-history":[{"count":2,"href":"https:\/\/vocesdelaregion.com\/index.php\/wp-json\/wp\/v2\/posts\/35454\/revisions"}],"predecessor-version":[{"id":35462,"href":"https:\/\/vocesdelaregion.com\/index.php\/wp-json\/wp\/v2\/posts\/35454\/revisions\/35462"}],"wp:featuredmedia":[{"embeddable":true,"href":"https:\/\/vocesdelaregion.com\/index.php\/wp-json\/wp\/v2\/media\/35459"}],"wp:attachment":[{"href":"https:\/\/vocesdelaregion.com\/index.php\/wp-json\/wp\/v2\/media?parent=35454"}],"wp:term":[{"taxonomy":"category","embeddable":true,"href":"https:\/\/vocesdelaregion.com\/index.php\/wp-json\/wp\/v2\/categories?post=35454"},{"taxonomy":"post_tag","embeddable":true,"href":"https:\/\/vocesdelaregion.com\/index.php\/wp-json\/wp\/v2\/tags?post=35454"}],"curies":[{"name":"wp","href":"https:\/\/api.w.org\/{rel}","templated":true}]}}