{"id":35451,"date":"2026-03-12T08:37:00","date_gmt":"2026-03-12T13:37:00","guid":{"rendered":"https:\/\/vocesdelaregion.com\/?p=35451"},"modified":"2026-03-12T12:44:46","modified_gmt":"2026-03-12T17:44:46","slug":"chinchina-llego-a-4-homicidios-este-2026-balearon-a-marrano","status":"publish","type":"post","link":"https:\/\/vocesdelaregion.com\/index.php\/2026\/03\/12\/chinchina-llego-a-4-homicidios-este-2026-balearon-a-marrano\/","title":{"rendered":"Chinchin\u00e1 lleg\u00f3 a 4 homicidios este 2026. Balearon a &#8220;Marrano&#8221;"},"content":{"rendered":"\n<p>La ma\u00f1ana de este jueves 12 de marzo, transe\u00fantes del sector del Alto de La Paz, cerca al casco urbano de Chinchin\u00e1, reportaron el hallazgo de un cuerpo sin vida.<\/p>\n\n\n\n<p>Al llegar al sitio, las autoridades corroboraron que un joven estaba tirado en el piso, con al menos dos impactos de arma de fuego.<\/p>\n\n\n\n<p>La v\u00edctima es Kevin Casta\u00f1o Soto, de 20 a\u00f1os, le dec\u00edan &#8220;Marrano&#8221;<\/p>\n\n\n\n<p>Se adelantan los actos urgentes que permitan establecer las circunstancias de su muerte, que seg\u00fan fuentes extraoficiales, podr\u00edan ser problemas por microtr\u00e1fico.<\/p>\n\n\n\n<p>Versiones de habitantes de la zona manifestaron haber escuchado algunas detonaciones en la madrugada. Con las primeras luces del d\u00eda avistaron el cuerpo sin vida del joven<\/p>\n\n\n\n<p><\/p>\n","protected":false},"excerpt":{"rendered":"<p>La ma\u00f1ana de este jueves 12 de marzo, transe\u00fantes del sector del Alto de La Paz, cerca al casco urbano de Chinchin\u00e1, reportaron el hallazgo de un cuerpo sin vida. Al llegar al sitio, las autoridades corroboraron que un joven estaba tirado en el piso, con al menos dos impactos de arma de fuego. La [&hellip;]<\/p>\n","protected":false},"author":1,"featured_media":35452,"comment_status":"closed","ping_status":"closed","sticky":false,"template":"","format":"standard","meta":{"om_disable_all_campaigns":false,"_monsterinsights_skip_tracking":false,"_monsterinsights_sitenote_active":false,"_monsterinsights_sitenote_note":"","_monsterinsights_sitenote_category":0,"_uf_show_specific_survey":0,"_uf_disable_surveys":false,"footnotes":""},"categories":[46,25,359],"tags":[],"class_list":["post-35451","post","type-post","status-publish","format-standard","has-post-thumbnail","hentry","category-centro-sur","category-judicial","category-judiciales-caldas"],"aioseo_notices":[],"blog_post_layout_featured_media_urls":{"thumbnail":["https:\/\/vocesdelaregion.com\/wp-content\/uploads\/2026\/03\/Copia-de-Ultimo-momento-1-150x150.png",150,150,true],"full":["https:\/\/vocesdelaregion.com\/wp-content\/uploads\/2026\/03\/Copia-de-Ultimo-momento-1.png",940,788,false]},"categories_names":{"46":{"name":"Centro sur","link":"https:\/\/vocesdelaregion.com\/index.php\/category\/caldas\/centro-sur\/"},"25":{"name":"Judicial","link":"https:\/\/vocesdelaregion.com\/index.php\/category\/judicial\/"},"359":{"name":"Judiciales Caldas","link":"https:\/\/vocesdelaregion.com\/index.php\/category\/judicial\/judiciales-caldas\/"}},"tags_names":[],"comments_number":"0","wpmagazine_modules_lite_featured_media_urls":{"thumbnail":["https:\/\/vocesdelaregion.com\/wp-content\/uploads\/2026\/03\/Copia-de-Ultimo-momento-1-150x150.png",150,150,true],"cvmm-medium":["https:\/\/vocesdelaregion.com\/wp-content\/uploads\/2026\/03\/Copia-de-Ultimo-momento-1-300x300.png",300,300,true],"cvmm-medium-plus":["https:\/\/vocesdelaregion.com\/wp-content\/uploads\/2026\/03\/Copia-de-Ultimo-momento-1-305x207.png",305,207,true],"cvmm-portrait":["https:\/\/vocesdelaregion.com\/wp-content\/uploads\/2026\/03\/Copia-de-Ultimo-momento-1-400x600.png",400,600,true],"cvmm-medium-square":["https:\/\/vocesdelaregion.com\/wp-content\/uploads\/2026\/03\/Copia-de-Ultimo-momento-1-600x600.png",600,600,true],"cvmm-large":["https:\/\/vocesdelaregion.com\/wp-content\/uploads\/2026\/03\/Copia-de-Ultimo-momento-1.png",940,788,false],"cvmm-small":["https:\/\/vocesdelaregion.com\/wp-content\/uploads\/2026\/03\/Copia-de-Ultimo-momento-1-130x95.png",130,95,true],"full":["https:\/\/vocesdelaregion.com\/wp-content\/uploads\/2026\/03\/Copia-de-Ultimo-momento-1.png",940,788,false]},"_links":{"self":[{"href":"https:\/\/vocesdelaregion.com\/index.php\/wp-json\/wp\/v2\/posts\/35451","targetHints":{"allow":["GET"]}}],"collection":[{"href":"https:\/\/vocesdelaregion.com\/index.php\/wp-json\/wp\/v2\/posts"}],"about":[{"href":"https:\/\/vocesdelaregion.com\/index.php\/wp-json\/wp\/v2\/types\/post"}],"author":[{"embeddable":true,"href":"https:\/\/vocesdelaregion.com\/index.php\/wp-json\/wp\/v2\/users\/1"}],"replies":[{"embeddable":true,"href":"https:\/\/vocesdelaregion.com\/index.php\/wp-json\/wp\/v2\/comments?post=35451"}],"version-history":[{"count":1,"href":"https:\/\/vocesdelaregion.com\/index.php\/wp-json\/wp\/v2\/posts\/35451\/revisions"}],"predecessor-version":[{"id":35453,"href":"https:\/\/vocesdelaregion.com\/index.php\/wp-json\/wp\/v2\/posts\/35451\/revisions\/35453"}],"wp:featuredmedia":[{"embeddable":true,"href":"https:\/\/vocesdelaregion.com\/index.php\/wp-json\/wp\/v2\/media\/35452"}],"wp:attachment":[{"href":"https:\/\/vocesdelaregion.com\/index.php\/wp-json\/wp\/v2\/media?parent=35451"}],"wp:term":[{"taxonomy":"category","embeddable":true,"href":"https:\/\/vocesdelaregion.com\/index.php\/wp-json\/wp\/v2\/categories?post=35451"},{"taxonomy":"post_tag","embeddable":true,"href":"https:\/\/vocesdelaregion.com\/index.php\/wp-json\/wp\/v2\/tags?post=35451"}],"curies":[{"name":"wp","href":"https:\/\/api.w.org\/{rel}","templated":true}]}}