{"id":35448,"date":"2026-03-11T12:09:29","date_gmt":"2026-03-11T17:09:29","guid":{"rendered":"https:\/\/vocesdelaregion.com\/?p=35448"},"modified":"2026-03-11T12:09:30","modified_gmt":"2026-03-11T17:09:30","slug":"la-loteria-de-manizales-ha-transferido-mas-1-700-millones-a-la-salud-de-los-manizalenos-en-lo-que-va-de-2026","status":"publish","type":"post","link":"https:\/\/vocesdelaregion.com\/index.php\/2026\/03\/11\/la-loteria-de-manizales-ha-transferido-mas-1-700-millones-a-la-salud-de-los-manizalenos-en-lo-que-va-de-2026\/","title":{"rendered":"La Loter\u00eda de Manizales ha transferido m\u00e1s $1.700 millones a la salud de los manizale\u00f1os en lo que va de 2026"},"content":{"rendered":"\n<ul class=\"wp-block-list\">\n<li><strong><em>De las ventas, los premios ganados y los premios caducados de la Loter\u00eda de Manizales, se transfiere un porcentaje a la salud en Manizales.<\/em><\/strong><\/li>\n\n\n\n<li><strong><em>En lo que va del 2026, se han transferido $1.742 millones al sector de la salud.<\/em><\/strong><\/li>\n<\/ul>\n\n\n\n<p>La Loter\u00eda de Manizales apoya el fortalecimiento del sector salud y, en lo que va de 2026, se han transferido $1.742 millones. Estos recursos se invierten en el funcionamiento de la Secretar\u00eda de Salud de Manizales para el desarrollo de actividades de inspecci\u00f3n, vigilancia y control, fundamentales para garantizar la calidad de los servicios de salud.<\/p>\n\n\n\n<p><strong><em>\u201cEn lo que va del a\u00f1o, hemos tenido ventas por $6.564 millones, y premios en poder del p\u00fablico por $2.320 millones. Esto, igualmente, se traduce en mayores recursos para el sector salud. A la fecha, hemos transferido $1.742 millones. Las transferencias que se hacen al sector salud son por concepto de renta del monopolio, que es un porcentaje fijo de los ingresos brutos, por impuesto a ganadores, que es un porcentaje sobre los premios pagados, por impuestos a for\u00e1neas, que se hace sobre la venta que tenemos fuera del departamento de Caldas que es de un 75%\u201d<\/em><\/strong>, explic\u00f3 la gerente de la Loter\u00eda de Manizales, \u00c1ngela&nbsp;Mar\u00eda&nbsp;Osorio&nbsp;Aguirre.&nbsp;&nbsp;<\/p>\n\n\n\n<figure class=\"wp-block-embed is-type-video is-provider-youtube wp-block-embed-youtube wp-embed-aspect-16-9 wp-has-aspect-ratio\"><div class=\"wp-block-embed__wrapper\">\n<iframe title=\"Inversi\u00f3n de $1.742 millones a la salud de los manizale\u00f1os desde la Loter\u00eda de Manizales.\" width=\"640\" height=\"360\" src=\"https:\/\/www.youtube.com\/embed\/q5eOuMv5yUY?feature=oembed\" frameborder=\"0\" allow=\"accelerometer; autoplay; clipboard-write; encrypted-media; gyroscope; picture-in-picture; web-share\" referrerpolicy=\"strict-origin-when-cross-origin\" allowfullscreen><\/iframe>\n<\/div><figcaption class=\"wp-element-caption\"><strong>Video:\u00a0<em>con la gerente de la Loter\u00eda de Manizales, \u00c1ngela\u00a0Mar\u00eda\u00a0Osorio\u00a0Aguirre.\u00a0\u00a0<\/em><\/strong><\/figcaption><\/figure>\n\n\n\n<p>Los recursos transferidos por la Loter\u00eda de Manizales al sistema de salud municipal hacen parte de los llamados fondos especiales, cuya destinaci\u00f3n est\u00e1 definida por la legislaci\u00f3n nacional.<\/p>\n\n\n\n<p><strong><em>\u201cEstos recursos se invierten en el funcionamiento de la Secretar\u00eda de Salud con el objetivo de hacer nuestras actividades de ley de inspecci\u00f3n, vigilancia y control. Es por eso que invertimos en equipos de c\u00f3mputo y de informaci\u00f3n, invertimos en personal que est\u00e1 haciendo las actividades y las labores tanto en inspecci\u00f3n y vigilancia como en la gesti\u00f3n de la salud en el municipio de Manizales\u201d<\/em><\/strong>, explica el secretario de salud de Manizales, David G\u00f3mez Springstube.<\/p>\n\n\n\n<figure class=\"wp-block-embed is-type-video is-provider-youtube wp-block-embed-youtube wp-embed-aspect-16-9 wp-has-aspect-ratio\"><div class=\"wp-block-embed__wrapper\">\n<iframe title=\"Inversi\u00f3n de $1.742 millones a la salud de los manizale\u00f1os desde la Loter\u00eda de Manizales.\" width=\"640\" height=\"360\" src=\"https:\/\/www.youtube.com\/embed\/ZjxdlU1CiYI?feature=oembed\" frameborder=\"0\" allow=\"accelerometer; autoplay; clipboard-write; encrypted-media; gyroscope; picture-in-picture; web-share\" referrerpolicy=\"strict-origin-when-cross-origin\" allowfullscreen><\/iframe>\n<\/div><figcaption class=\"wp-element-caption\"><strong>Video:\u00a0<\/strong><em><strong>con<\/strong><\/em>\u00a0<strong><em>el secretario de salud de Manizales, David G\u00f3mez Springstube.<\/em><\/strong><\/figcaption><\/figure>\n\n\n\n<p>En lo corrido de este a\u00f1o, los premios caducados ascienden a $407 millones. La Loter\u00eda de Manizales invita a los apostadores para que verifiquen sus n\u00fameros en la p\u00e1gina\u00a0<a href=\"https:\/\/loteriademanizales.com\/\">https:\/\/loteriademanizales.com\/<\/a>\u00a0ya que se gana con el premio mayor y adem\u00e1s con secos y aproximaciones. As\u00ed mismo, agradece la confianza en la entidad, pues gracias a las ventas altas es posible mejorar el sector salud de los manizale\u00f1os.<\/p>\n","protected":false},"excerpt":{"rendered":"<p>La Loter\u00eda de Manizales apoya el fortalecimiento del sector salud y, en lo que va de 2026, se han transferido $1.742 millones. Estos recursos se invierten en el funcionamiento de la Secretar\u00eda de Salud de Manizales para el desarrollo de actividades de inspecci\u00f3n, vigilancia y control, fundamentales para garantizar la calidad de los servicios de [&hellip;]<\/p>\n","protected":false},"author":1,"featured_media":35449,"comment_status":"closed","ping_status":"closed","sticky":false,"template":"","format":"standard","meta":{"om_disable_all_campaigns":false,"_monsterinsights_skip_tracking":false,"_monsterinsights_sitenote_active":false,"_monsterinsights_sitenote_note":"","_monsterinsights_sitenote_category":0,"_uf_show_specific_survey":0,"_uf_disable_surveys":false,"footnotes":""},"categories":[355,58,26,328],"tags":[],"class_list":["post-35448","post","type-post","status-publish","format-standard","has-post-thumbnail","hentry","category-alcaldia-de-manizales","category-alcaldias","category-manizales","category-salud"],"aioseo_notices":[],"blog_post_layout_featured_media_urls":{"thumbnail":["https:\/\/vocesdelaregion.com\/wp-content\/uploads\/2026\/03\/image-1-1536x1024-1-150x150.png",150,150,true],"full":["https:\/\/vocesdelaregion.com\/wp-content\/uploads\/2026\/03\/image-1-1536x1024-1.png",1536,1024,false]},"categories_names":{"355":{"name":"Alcald\u00eda de Manizales","link":"https:\/\/vocesdelaregion.com\/index.php\/category\/alcaldias\/alcaldia-de-manizales\/"},"58":{"name":"Alcald\u00edas","link":"https:\/\/vocesdelaregion.com\/index.php\/category\/alcaldias\/"},"26":{"name":"Manizales","link":"https:\/\/vocesdelaregion.com\/index.php\/category\/manizales\/"},"328":{"name":"Salud","link":"https:\/\/vocesdelaregion.com\/index.php\/category\/salud\/"}},"tags_names":[],"comments_number":"0","wpmagazine_modules_lite_featured_media_urls":{"thumbnail":["https:\/\/vocesdelaregion.com\/wp-content\/uploads\/2026\/03\/image-1-1536x1024-1-150x150.png",150,150,true],"cvmm-medium":["https:\/\/vocesdelaregion.com\/wp-content\/uploads\/2026\/03\/image-1-1536x1024-1-300x300.png",300,300,true],"cvmm-medium-plus":["https:\/\/vocesdelaregion.com\/wp-content\/uploads\/2026\/03\/image-1-1536x1024-1-305x207.png",305,207,true],"cvmm-portrait":["https:\/\/vocesdelaregion.com\/wp-content\/uploads\/2026\/03\/image-1-1536x1024-1-400x600.png",400,600,true],"cvmm-medium-square":["https:\/\/vocesdelaregion.com\/wp-content\/uploads\/2026\/03\/image-1-1536x1024-1-600x600.png",600,600,true],"cvmm-large":["https:\/\/vocesdelaregion.com\/wp-content\/uploads\/2026\/03\/image-1-1536x1024-1-1024x1024.png",1024,1024,true],"cvmm-small":["https:\/\/vocesdelaregion.com\/wp-content\/uploads\/2026\/03\/image-1-1536x1024-1-130x95.png",130,95,true],"full":["https:\/\/vocesdelaregion.com\/wp-content\/uploads\/2026\/03\/image-1-1536x1024-1.png",1536,1024,false]},"_links":{"self":[{"href":"https:\/\/vocesdelaregion.com\/index.php\/wp-json\/wp\/v2\/posts\/35448","targetHints":{"allow":["GET"]}}],"collection":[{"href":"https:\/\/vocesdelaregion.com\/index.php\/wp-json\/wp\/v2\/posts"}],"about":[{"href":"https:\/\/vocesdelaregion.com\/index.php\/wp-json\/wp\/v2\/types\/post"}],"author":[{"embeddable":true,"href":"https:\/\/vocesdelaregion.com\/index.php\/wp-json\/wp\/v2\/users\/1"}],"replies":[{"embeddable":true,"href":"https:\/\/vocesdelaregion.com\/index.php\/wp-json\/wp\/v2\/comments?post=35448"}],"version-history":[{"count":1,"href":"https:\/\/vocesdelaregion.com\/index.php\/wp-json\/wp\/v2\/posts\/35448\/revisions"}],"predecessor-version":[{"id":35450,"href":"https:\/\/vocesdelaregion.com\/index.php\/wp-json\/wp\/v2\/posts\/35448\/revisions\/35450"}],"wp:featuredmedia":[{"embeddable":true,"href":"https:\/\/vocesdelaregion.com\/index.php\/wp-json\/wp\/v2\/media\/35449"}],"wp:attachment":[{"href":"https:\/\/vocesdelaregion.com\/index.php\/wp-json\/wp\/v2\/media?parent=35448"}],"wp:term":[{"taxonomy":"category","embeddable":true,"href":"https:\/\/vocesdelaregion.com\/index.php\/wp-json\/wp\/v2\/categories?post=35448"},{"taxonomy":"post_tag","embeddable":true,"href":"https:\/\/vocesdelaregion.com\/index.php\/wp-json\/wp\/v2\/tags?post=35448"}],"curies":[{"name":"wp","href":"https:\/\/api.w.org\/{rel}","templated":true}]}}