{"id":35442,"date":"2026-03-05T11:59:54","date_gmt":"2026-03-05T16:59:54","guid":{"rendered":"https:\/\/vocesdelaregion.com\/?p=35442"},"modified":"2026-03-11T12:04:54","modified_gmt":"2026-03-11T17:04:54","slug":"positivo-balance-del-programa-mujeres-echadas-pa-lante","status":"publish","type":"post","link":"https:\/\/vocesdelaregion.com\/index.php\/2026\/03\/05\/positivo-balance-del-programa-mujeres-echadas-pa-lante\/","title":{"rendered":"Positivo balance del programa \u2018Mujeres Echadas pa\u2019 Lante\u2019."},"content":{"rendered":"\n<p>La Gobernaci\u00f3n de Caldas, a trav\u00e9s de la Secretar\u00eda de Integraci\u00f3n y Desarrollo Social y en alianza con INCUBAR, present\u00f3 los resultados de la evaluaci\u00f3n t\u00e9cnica realizada a 76 emprendedoras de ocho municipios del departamento, las cuales hacen parte del programa&nbsp;<strong>\u2018Mujeres Echadas Pa\u2019 Lante<\/strong>.<\/p>\n\n\n\n<p>Esta medici\u00f3n confirma<strong>&nbsp;el \u00e9xito del proceso formativo del programa y redefine la inversi\u00f3n p\u00fablica en equidad de g\u00e9nero, enfoc\u00e1ndola&nbsp;<\/strong>hacia la eliminaci\u00f3n de barreras estructurales como la econom\u00eda del cuidado y el acceso a mercados formales.<\/p>\n\n\n\n<p>El an\u00e1lisis evidenci\u00f3&nbsp;<strong>un aumento del 33% en las capacidades empresariales de las participantes<\/strong>. Actualmente,&nbsp;<strong>el 91% utiliza billeteras digitales y el 85% fija sus precios con criterios t\u00e9cnicos de costos<\/strong>. En t\u00e9rminos de sostenibilidad,&nbsp;<strong>el 92% logr\u00f3 aumentar o mantener estables sus ingresos durante la ejecuci\u00f3n del programa<\/strong>, mientras que la entrega de kits productivos redujo en un 75% los casos de disminuci\u00f3n de ingresos frente a quienes no recibieron este apoyo.<\/p>\n\n\n\n<p>La evaluaci\u00f3n tambi\u00e9n identific\u00f3 los principales factores que limitan el crecimiento de los emprendimientos. El 83% de las mujeres tiene personas a cargo, con un promedio de 2.3 por beneficiaria, situaci\u00f3n que el 50% de las participantes reconoce como su mayor dificultad para dedicar tiempo al negocio, restringiendo su jornada productiva a entre tres y cuatro horas diarias.<\/p>\n\n\n\n<p>A su vez, el 67.6% de quienes recibieron capital prioriza hoy la comercializaci\u00f3n, en un contexto donde el 45% vende exclusivamente a su c\u00edrculo cercano y solo el 8% ha accedido a mercados institucionales.<\/p>\n\n\n\n<figure class=\"wp-block-gallery has-nested-images columns-default is-cropped wp-block-gallery-1 is-layout-flex wp-block-gallery-is-layout-flex\">\n<figure class=\"wp-block-image size-large\"><img fetchpriority=\"high\" decoding=\"async\" width=\"523\" height=\"391\" data-id=\"35445\" src=\"https:\/\/vocesdelaregion.com\/wp-content\/uploads\/2026\/03\/WhatsApp-Image-2026-03-04-at-11.03.34-AM-3.jpeg\" alt=\"\" class=\"wp-image-35445\" srcset=\"https:\/\/vocesdelaregion.com\/wp-content\/uploads\/2026\/03\/WhatsApp-Image-2026-03-04-at-11.03.34-AM-3.jpeg 523w, https:\/\/vocesdelaregion.com\/wp-content\/uploads\/2026\/03\/WhatsApp-Image-2026-03-04-at-11.03.34-AM-3-300x224.jpeg 300w, https:\/\/vocesdelaregion.com\/wp-content\/uploads\/2026\/03\/WhatsApp-Image-2026-03-04-at-11.03.34-AM-3-136x102.jpeg 136w\" sizes=\"(max-width: 523px) 100vw, 523px\" \/><\/figure>\n\n\n\n<figure class=\"wp-block-image size-large\"><img decoding=\"async\" width=\"523\" height=\"391\" data-id=\"35444\" src=\"https:\/\/vocesdelaregion.com\/wp-content\/uploads\/2026\/03\/WhatsApp-Image-2026-03-04-at-11.03.34-AM-1.jpeg\" alt=\"\" class=\"wp-image-35444\" srcset=\"https:\/\/vocesdelaregion.com\/wp-content\/uploads\/2026\/03\/WhatsApp-Image-2026-03-04-at-11.03.34-AM-1.jpeg 523w, https:\/\/vocesdelaregion.com\/wp-content\/uploads\/2026\/03\/WhatsApp-Image-2026-03-04-at-11.03.34-AM-1-300x224.jpeg 300w, https:\/\/vocesdelaregion.com\/wp-content\/uploads\/2026\/03\/WhatsApp-Image-2026-03-04-at-11.03.34-AM-1-136x102.jpeg 136w\" sizes=\"(max-width: 523px) 100vw, 523px\" \/><\/figure>\n\n\n\n<figure class=\"wp-block-image size-large\"><img decoding=\"async\" width=\"523\" height=\"391\" data-id=\"35443\" src=\"https:\/\/vocesdelaregion.com\/wp-content\/uploads\/2026\/03\/WhatsApp-Image-2026-03-04-at-11.03.34-AM-5.jpeg\" alt=\"\" class=\"wp-image-35443\" srcset=\"https:\/\/vocesdelaregion.com\/wp-content\/uploads\/2026\/03\/WhatsApp-Image-2026-03-04-at-11.03.34-AM-5.jpeg 523w, https:\/\/vocesdelaregion.com\/wp-content\/uploads\/2026\/03\/WhatsApp-Image-2026-03-04-at-11.03.34-AM-5-300x224.jpeg 300w, https:\/\/vocesdelaregion.com\/wp-content\/uploads\/2026\/03\/WhatsApp-Image-2026-03-04-at-11.03.34-AM-5-136x102.jpeg 136w\" sizes=\"(max-width: 523px) 100vw, 523px\" \/><\/figure>\n<\/figure>\n\n\n\n<p>La medici\u00f3n tambi\u00e9n evidenci\u00f3 diferencias territoriales. En Villamar\u00eda, el 21%de las mujeres report\u00f3 disminuci\u00f3n de ingresos por saturaci\u00f3n del mercado local, frente al 5% registrado en Manizales, lo que reafirma la necesidad de soluciones diferenciadas por municipio.<\/p>\n\n\n\n<p>Sandra Patricia \u00c1lvarez Castro, secretaria de Integraci\u00f3n y Desarrollo Social de Caldas, expres\u00f3 su satisfacci\u00f3n por contar con esta herramienta de medici\u00f3n. \u201cTener datos concretos del programa Mujeres Echadas Pa\u00b4lante nos permite&nbsp;<strong>conocer el impacto real para fortalecer la pol\u00edtica p\u00fablica con base en evidencia t\u00e9cnica,<\/strong>&nbsp;adem\u00e1s, para garantizar que el talento de las mujeres caldenses cuente con tiempo, capital y acceso a mercados siempre enfocados en lograr su autonom\u00eda personal y econ\u00f3mica\u201d, mencion\u00f3.<\/p>\n\n\n\n<figure class=\"wp-block-video\"><video controls src=\"https:\/\/escaldas.com\/wp-content\/uploads\/2026\/03\/Sandra-Patricia-Alvarez-Castro-Balance-Mujeres-Echadas-Palante.mp4\"><\/video><figcaption class=\"wp-element-caption\"><strong>Sandra Patricia \u00c1lvarez Castro, secretaria de Integraci\u00f3n y Desarrollo Social.<\/strong><\/figcaption><\/figure>\n\n\n\n<p>Por su parte, la directora de INCUBAR, Claudia Benavides, manifest\u00f3: \u201cEste ordenamiento permite saber exactamente a qui\u00e9n se le genera valor y cu\u00e1l es el tama\u00f1o del mercado al que se puede llegar,&nbsp;<strong>punto de partida para avanzar hacia una visi\u00f3n empresarial madura, con una estructura organizacional s\u00f3lida, soporte t\u00e9cnico y una din\u00e1mica comercial activa<\/strong>\u201d.<\/p>\n\n\n\n<figure class=\"wp-block-video\"><video controls src=\"https:\/\/escaldas.com\/wp-content\/uploads\/2026\/03\/Claudia-Benavides-Salazar-Balance-Mujeres-Echadas-Palante.mp4\"><\/video><figcaption class=\"wp-element-caption\"><strong>Claudia Benavides, directora de INCUBAR.<\/strong><\/figcaption><\/figure>\n\n\n\n<p>Con base en estos hallazgos, la Gobernaci\u00f3n de Caldas defini\u00f3&nbsp;<strong>que la Pol\u00edtica P\u00fablica de Equidad de G\u00e9nero avanzar\u00e1 hacia una nueva fase enfocada en transformar el entorno de las emprendedoras mediante tres ejes estrat\u00e9gicos<\/strong>:<\/p>\n\n\n\n<p>\u25cf Red Departamental de Servicios de Cuidado, orientada a liberar tiempo productivo.<\/p>\n\n\n\n<p>\u25cf Programa \u201cCaldas Compra a Mujeres\u201d, para la articulaci\u00f3n comercial con el sector privado y el mercado institucional.<\/p>\n\n\n\n<p>\u25cf Fondo de Capital Caldas Emprende Mujer, que redise\u00f1a el esquema de financiamiento hacia inversiones de escalamiento.<\/p>\n","protected":false},"excerpt":{"rendered":"<p>La Gobernaci\u00f3n de Caldas, a trav\u00e9s de la Secretar\u00eda de Integraci\u00f3n y Desarrollo Social y en alianza con INCUBAR, present\u00f3 los resultados de la evaluaci\u00f3n t\u00e9cnica realizada a 76 emprendedoras de ocho municipios del departamento, las cuales hacen parte del programa&nbsp;\u2018Mujeres Echadas Pa\u2019 Lante. Esta medici\u00f3n confirma&nbsp;el \u00e9xito del proceso formativo del programa y redefine [&hellip;]<\/p>\n","protected":false},"author":1,"featured_media":35446,"comment_status":"closed","ping_status":"closed","sticky":false,"template":"","format":"standard","meta":{"om_disable_all_campaigns":false,"_monsterinsights_skip_tracking":false,"_monsterinsights_sitenote_active":false,"_monsterinsights_sitenote_note":"","_monsterinsights_sitenote_category":0,"_uf_show_specific_survey":0,"_uf_disable_surveys":false,"footnotes":""},"categories":[24,357,356],"tags":[],"class_list":["post-35442","post","type-post","status-publish","format-standard","has-post-thumbnail","hentry","category-caldas","category-gobernacion-de-caldas","category-gobernaciones"],"aioseo_notices":[],"blog_post_layout_featured_media_urls":{"thumbnail":["https:\/\/vocesdelaregion.com\/wp-content\/uploads\/2026\/03\/WhatsApp-Image-2026-03-04-at-11.03.34-AM-150x150.jpeg",150,150,true],"full":["https:\/\/vocesdelaregion.com\/wp-content\/uploads\/2026\/03\/WhatsApp-Image-2026-03-04-at-11.03.34-AM.jpeg",523,391,false]},"categories_names":{"24":{"name":"Caldas","link":"https:\/\/vocesdelaregion.com\/index.php\/category\/caldas\/"},"357":{"name":"Gobernaci\u00f3n de Caldas","link":"https:\/\/vocesdelaregion.com\/index.php\/category\/gobernaciones\/gobernacion-de-caldas\/"},"356":{"name":"Gobernaciones","link":"https:\/\/vocesdelaregion.com\/index.php\/category\/gobernaciones\/"}},"tags_names":[],"comments_number":"0","wpmagazine_modules_lite_featured_media_urls":{"thumbnail":["https:\/\/vocesdelaregion.com\/wp-content\/uploads\/2026\/03\/WhatsApp-Image-2026-03-04-at-11.03.34-AM-150x150.jpeg",150,150,true],"cvmm-medium":["https:\/\/vocesdelaregion.com\/wp-content\/uploads\/2026\/03\/WhatsApp-Image-2026-03-04-at-11.03.34-AM-300x300.jpeg",300,300,true],"cvmm-medium-plus":["https:\/\/vocesdelaregion.com\/wp-content\/uploads\/2026\/03\/WhatsApp-Image-2026-03-04-at-11.03.34-AM-305x207.jpeg",305,207,true],"cvmm-portrait":["https:\/\/vocesdelaregion.com\/wp-content\/uploads\/2026\/03\/WhatsApp-Image-2026-03-04-at-11.03.34-AM-400x391.jpeg",400,391,true],"cvmm-medium-square":["https:\/\/vocesdelaregion.com\/wp-content\/uploads\/2026\/03\/WhatsApp-Image-2026-03-04-at-11.03.34-AM.jpeg",523,391,false],"cvmm-large":["https:\/\/vocesdelaregion.com\/wp-content\/uploads\/2026\/03\/WhatsApp-Image-2026-03-04-at-11.03.34-AM.jpeg",523,391,false],"cvmm-small":["https:\/\/vocesdelaregion.com\/wp-content\/uploads\/2026\/03\/WhatsApp-Image-2026-03-04-at-11.03.34-AM-130x95.jpeg",130,95,true],"full":["https:\/\/vocesdelaregion.com\/wp-content\/uploads\/2026\/03\/WhatsApp-Image-2026-03-04-at-11.03.34-AM.jpeg",523,391,false]},"_links":{"self":[{"href":"https:\/\/vocesdelaregion.com\/index.php\/wp-json\/wp\/v2\/posts\/35442","targetHints":{"allow":["GET"]}}],"collection":[{"href":"https:\/\/vocesdelaregion.com\/index.php\/wp-json\/wp\/v2\/posts"}],"about":[{"href":"https:\/\/vocesdelaregion.com\/index.php\/wp-json\/wp\/v2\/types\/post"}],"author":[{"embeddable":true,"href":"https:\/\/vocesdelaregion.com\/index.php\/wp-json\/wp\/v2\/users\/1"}],"replies":[{"embeddable":true,"href":"https:\/\/vocesdelaregion.com\/index.php\/wp-json\/wp\/v2\/comments?post=35442"}],"version-history":[{"count":1,"href":"https:\/\/vocesdelaregion.com\/index.php\/wp-json\/wp\/v2\/posts\/35442\/revisions"}],"predecessor-version":[{"id":35447,"href":"https:\/\/vocesdelaregion.com\/index.php\/wp-json\/wp\/v2\/posts\/35442\/revisions\/35447"}],"wp:featuredmedia":[{"embeddable":true,"href":"https:\/\/vocesdelaregion.com\/index.php\/wp-json\/wp\/v2\/media\/35446"}],"wp:attachment":[{"href":"https:\/\/vocesdelaregion.com\/index.php\/wp-json\/wp\/v2\/media?parent=35442"}],"wp:term":[{"taxonomy":"category","embeddable":true,"href":"https:\/\/vocesdelaregion.com\/index.php\/wp-json\/wp\/v2\/categories?post=35442"},{"taxonomy":"post_tag","embeddable":true,"href":"https:\/\/vocesdelaregion.com\/index.php\/wp-json\/wp\/v2\/tags?post=35442"}],"curies":[{"name":"wp","href":"https:\/\/api.w.org\/{rel}","templated":true}]}}