{"id":35437,"date":"2026-03-09T11:55:12","date_gmt":"2026-03-09T16:55:12","guid":{"rendered":"https:\/\/vocesdelaregion.com\/?p=35437"},"modified":"2026-03-11T11:59:05","modified_gmt":"2026-03-11T16:59:05","slug":"balance-de-seguridad-del-fin-de-semana-de-elecciones-al-congreso-de-la-republica","status":"publish","type":"post","link":"https:\/\/vocesdelaregion.com\/index.php\/2026\/03\/09\/balance-de-seguridad-del-fin-de-semana-de-elecciones-al-congreso-de-la-republica\/","title":{"rendered":"Balance de seguridad del fin de semana de elecciones al Congreso de la Rep\u00fablica"},"content":{"rendered":"\n<ul class=\"wp-block-list\">\n<li><strong><em>La Polic\u00eda Metropolitana de Manizales report\u00f3 35 personas capturadas, 157 armas incautadas y 640 llamadas a la L\u00ednea de emergencias 123.<\/em><\/strong><\/li>\n\n\n\n<li><em><strong>\u2060Se incautaron 2.866 piezas publicitarias y se captur\u00f3 una mujer por el presunto delito de corrupci\u00f3n al sufragante.<\/strong><\/em><\/li>\n<\/ul>\n\n\n\n<p>La Alcald\u00eda de Manizales, a trav\u00e9s de la Secretar\u00eda del Interior y, en labor conjunta con la Polic\u00eda Metropolitana, coordina los operativos dise\u00f1ados para velar por la seguridad y la tranquilidad de los ciudadanos. Del viernes 6 al domingo 8 de marzo, fin de semana de votaciones, se adelantaron diferentes acciones para velar por el bienestar de los asistentes a los eventos de ciudad y para atender oportunamente las denuncias realizadas por la comunidad.<\/p>\n\n\n\n<figure class=\"wp-block-audio\"><audio controls src=\"https:\/\/centrodeinformacion.manizales.gov.co\/wp-content\/uploads\/2026\/03\/WhatsApp-Audio-2026-03-08-at-8.56.13-PM.mp3\" autoplay><\/audio><figcaption class=\"wp-element-caption\"><strong>Audio:\u00a0<\/strong><em><strong>Andr\u00e9s Mauricio Gait\u00e1n Guzm\u00e1n, secretario del Interior de Manizales sobre la jornada electoral.<\/strong><\/em><\/figcaption><\/figure>\n\n\n\n<figure class=\"wp-block-gallery has-nested-images columns-default is-cropped wp-block-gallery-1 is-layout-flex wp-block-gallery-is-layout-flex\">\n<figure class=\"wp-block-image size-large\"><img fetchpriority=\"high\" decoding=\"async\" width=\"1024\" height=\"768\" data-id=\"35439\" src=\"https:\/\/vocesdelaregion.com\/wp-content\/uploads\/2026\/03\/WhatsApp-Image-2026-03-09-at-10.18.34-AM-1-1536x1152-1-1024x768.jpeg\" alt=\"\" class=\"wp-image-35439\" srcset=\"https:\/\/vocesdelaregion.com\/wp-content\/uploads\/2026\/03\/WhatsApp-Image-2026-03-09-at-10.18.34-AM-1-1536x1152-1-1024x768.jpeg 1024w, https:\/\/vocesdelaregion.com\/wp-content\/uploads\/2026\/03\/WhatsApp-Image-2026-03-09-at-10.18.34-AM-1-1536x1152-1-300x225.jpeg 300w, https:\/\/vocesdelaregion.com\/wp-content\/uploads\/2026\/03\/WhatsApp-Image-2026-03-09-at-10.18.34-AM-1-1536x1152-1-768x576.jpeg 768w, https:\/\/vocesdelaregion.com\/wp-content\/uploads\/2026\/03\/WhatsApp-Image-2026-03-09-at-10.18.34-AM-1-1536x1152-1-136x102.jpeg 136w, https:\/\/vocesdelaregion.com\/wp-content\/uploads\/2026\/03\/WhatsApp-Image-2026-03-09-at-10.18.34-AM-1-1536x1152-1.jpeg 1536w\" sizes=\"(max-width: 1024px) 100vw, 1024px\" \/><\/figure>\n\n\n\n<figure class=\"wp-block-image size-large\"><img decoding=\"async\" width=\"1024\" height=\"768\" data-id=\"35438\" src=\"https:\/\/vocesdelaregion.com\/wp-content\/uploads\/2026\/03\/WhatsApp-Image-2026-03-09-at-10.18.34-AM-1536x1152-1-1024x768.jpeg\" alt=\"\" class=\"wp-image-35438\" srcset=\"https:\/\/vocesdelaregion.com\/wp-content\/uploads\/2026\/03\/WhatsApp-Image-2026-03-09-at-10.18.34-AM-1536x1152-1-1024x768.jpeg 1024w, https:\/\/vocesdelaregion.com\/wp-content\/uploads\/2026\/03\/WhatsApp-Image-2026-03-09-at-10.18.34-AM-1536x1152-1-300x225.jpeg 300w, https:\/\/vocesdelaregion.com\/wp-content\/uploads\/2026\/03\/WhatsApp-Image-2026-03-09-at-10.18.34-AM-1536x1152-1-768x576.jpeg 768w, https:\/\/vocesdelaregion.com\/wp-content\/uploads\/2026\/03\/WhatsApp-Image-2026-03-09-at-10.18.34-AM-1536x1152-1-136x102.jpeg 136w, https:\/\/vocesdelaregion.com\/wp-content\/uploads\/2026\/03\/WhatsApp-Image-2026-03-09-at-10.18.34-AM-1536x1152-1.jpeg 1536w\" sizes=\"(max-width: 1024px) 100vw, 1024px\" \/><\/figure>\n<\/figure>\n\n\n\n<p><strong>Durante las labores de prevenci\u00f3n y control se registraron los siguientes resultados:<\/strong><\/p>\n\n\n\n<ul class=\"wp-block-list\">\n<li>35 personas capturadas por distintos delitos; entre ellas, una mujer por el presunto delito de corrupci\u00f3n al sufragante.<\/li>\n\n\n\n<li>157 armas cortopunzantes incautadas.<\/li>\n\n\n\n<li>2.866 piezas publicitarias incautadas.<\/li>\n\n\n\n<li>261 \u00f3rdenes de comparendo impuestas por infracciones al C\u00f3digo Nacional de Seguridad y Convivencia Ciudadana, de los cuales 41 fueron comparendos por desacato a orden de Polic\u00eda de no publicidad.<\/li>\n\n\n\n<li>18 traslados al Centro Transitorio por Protecci\u00f3n (CTP).<\/li>\n\n\n\n<li>640 llamadas a la L\u00ednea de emergencia 123, de las cuales 67 fueron por ri\u00f1a, 30 por violencia intrafamiliar y 179 por alteraci\u00f3n a la tranquilidad p\u00fablica.<\/li>\n<\/ul>\n\n\n\n<p>La Polic\u00eda Metropolitana de Manizales y la Secretar\u00eda del Interior reiteran el compromiso de autoridades y comunidad con la seguridad y la convivencia ciudadana; extienden la invitaci\u00f3n a la comunidad a denunciar cualquier hecho delictivo o situaci\u00f3n sospechosa a trav\u00e9s de la L\u00ednea de emergencia 123.<\/p>\n","protected":false},"excerpt":{"rendered":"<p>La Alcald\u00eda de Manizales, a trav\u00e9s de la Secretar\u00eda del Interior y, en labor conjunta con la Polic\u00eda Metropolitana, coordina los operativos dise\u00f1ados para velar por la seguridad y la tranquilidad de los ciudadanos. Del viernes 6 al domingo 8 de marzo, fin de semana de votaciones, se adelantaron diferentes acciones para velar por el [&hellip;]<\/p>\n","protected":false},"author":1,"featured_media":35440,"comment_status":"closed","ping_status":"closed","sticky":false,"template":"","format":"standard","meta":{"om_disable_all_campaigns":false,"_monsterinsights_skip_tracking":false,"_monsterinsights_sitenote_active":false,"_monsterinsights_sitenote_note":"","_monsterinsights_sitenote_category":0,"_uf_show_specific_survey":0,"_uf_disable_surveys":false,"footnotes":""},"categories":[355,58,25,26],"tags":[],"class_list":["post-35437","post","type-post","status-publish","format-standard","has-post-thumbnail","hentry","category-alcaldia-de-manizales","category-alcaldias","category-judicial","category-manizales"],"aioseo_notices":[],"blog_post_layout_featured_media_urls":{"thumbnail":["https:\/\/vocesdelaregion.com\/wp-content\/uploads\/2026\/03\/WhatsApp-Image-2026-03-08-at-7.21.56-PM-150x150.jpeg",150,150,true],"full":["https:\/\/vocesdelaregion.com\/wp-content\/uploads\/2026\/03\/WhatsApp-Image-2026-03-08-at-7.21.56-PM.jpeg",1280,960,false]},"categories_names":{"355":{"name":"Alcald\u00eda de Manizales","link":"https:\/\/vocesdelaregion.com\/index.php\/category\/alcaldias\/alcaldia-de-manizales\/"},"58":{"name":"Alcald\u00edas","link":"https:\/\/vocesdelaregion.com\/index.php\/category\/alcaldias\/"},"25":{"name":"Judicial","link":"https:\/\/vocesdelaregion.com\/index.php\/category\/judicial\/"},"26":{"name":"Manizales","link":"https:\/\/vocesdelaregion.com\/index.php\/category\/manizales\/"}},"tags_names":[],"comments_number":"0","wpmagazine_modules_lite_featured_media_urls":{"thumbnail":["https:\/\/vocesdelaregion.com\/wp-content\/uploads\/2026\/03\/WhatsApp-Image-2026-03-08-at-7.21.56-PM-150x150.jpeg",150,150,true],"cvmm-medium":["https:\/\/vocesdelaregion.com\/wp-content\/uploads\/2026\/03\/WhatsApp-Image-2026-03-08-at-7.21.56-PM-300x300.jpeg",300,300,true],"cvmm-medium-plus":["https:\/\/vocesdelaregion.com\/wp-content\/uploads\/2026\/03\/WhatsApp-Image-2026-03-08-at-7.21.56-PM-305x207.jpeg",305,207,true],"cvmm-portrait":["https:\/\/vocesdelaregion.com\/wp-content\/uploads\/2026\/03\/WhatsApp-Image-2026-03-08-at-7.21.56-PM-400x600.jpeg",400,600,true],"cvmm-medium-square":["https:\/\/vocesdelaregion.com\/wp-content\/uploads\/2026\/03\/WhatsApp-Image-2026-03-08-at-7.21.56-PM-600x600.jpeg",600,600,true],"cvmm-large":["https:\/\/vocesdelaregion.com\/wp-content\/uploads\/2026\/03\/WhatsApp-Image-2026-03-08-at-7.21.56-PM-1024x960.jpeg",1024,960,true],"cvmm-small":["https:\/\/vocesdelaregion.com\/wp-content\/uploads\/2026\/03\/WhatsApp-Image-2026-03-08-at-7.21.56-PM-130x95.jpeg",130,95,true],"full":["https:\/\/vocesdelaregion.com\/wp-content\/uploads\/2026\/03\/WhatsApp-Image-2026-03-08-at-7.21.56-PM.jpeg",1280,960,false]},"_links":{"self":[{"href":"https:\/\/vocesdelaregion.com\/index.php\/wp-json\/wp\/v2\/posts\/35437","targetHints":{"allow":["GET"]}}],"collection":[{"href":"https:\/\/vocesdelaregion.com\/index.php\/wp-json\/wp\/v2\/posts"}],"about":[{"href":"https:\/\/vocesdelaregion.com\/index.php\/wp-json\/wp\/v2\/types\/post"}],"author":[{"embeddable":true,"href":"https:\/\/vocesdelaregion.com\/index.php\/wp-json\/wp\/v2\/users\/1"}],"replies":[{"embeddable":true,"href":"https:\/\/vocesdelaregion.com\/index.php\/wp-json\/wp\/v2\/comments?post=35437"}],"version-history":[{"count":1,"href":"https:\/\/vocesdelaregion.com\/index.php\/wp-json\/wp\/v2\/posts\/35437\/revisions"}],"predecessor-version":[{"id":35441,"href":"https:\/\/vocesdelaregion.com\/index.php\/wp-json\/wp\/v2\/posts\/35437\/revisions\/35441"}],"wp:featuredmedia":[{"embeddable":true,"href":"https:\/\/vocesdelaregion.com\/index.php\/wp-json\/wp\/v2\/media\/35440"}],"wp:attachment":[{"href":"https:\/\/vocesdelaregion.com\/index.php\/wp-json\/wp\/v2\/media?parent=35437"}],"wp:term":[{"taxonomy":"category","embeddable":true,"href":"https:\/\/vocesdelaregion.com\/index.php\/wp-json\/wp\/v2\/categories?post=35437"},{"taxonomy":"post_tag","embeddable":true,"href":"https:\/\/vocesdelaregion.com\/index.php\/wp-json\/wp\/v2\/tags?post=35437"}],"curies":[{"name":"wp","href":"https:\/\/api.w.org\/{rel}","templated":true}]}}