{"id":35431,"date":"2026-03-10T11:20:20","date_gmt":"2026-03-10T16:20:20","guid":{"rendered":"https:\/\/vocesdelaregion.com\/?p=35431"},"modified":"2026-03-11T11:53:57","modified_gmt":"2026-03-11T16:53:57","slug":"alerta-sobre-riesgos-de-realizar-procedimientos-esteticos-en-lugares-no-autorizados","status":"publish","type":"post","link":"https:\/\/vocesdelaregion.com\/index.php\/2026\/03\/10\/alerta-sobre-riesgos-de-realizar-procedimientos-esteticos-en-lugares-no-autorizados\/","title":{"rendered":"Alerta, sobre riesgos de realizar procedimientos est\u00e9ticos en lugares no autorizados"},"content":{"rendered":"\n<ul class=\"wp-block-list\">\n<li><strong><em>Ante el aumento de procedimientos est\u00e9ticos realizados en lugares no autorizados, la Secretar\u00eda de Salud P\u00fablica hace un llamado a la ciudadan\u00eda para verificar que los establecimientos y profesionales cumplan con la normatividad sanitaria, con el fin de prevenir riesgos y proteger la salud.<\/em><\/strong><\/li>\n\n\n\n<li><strong><em>Autoridades sanitarias advierten que tratamientos como b\u00f3tox, rellenos faciales o lip\u00f3lisis deben realizarse \u00fanicamente por profesionales de la salud y en centros habilitados, ya que practicarlos en lugares no autorizados puede generar complicaciones graves<\/em><\/strong>.<\/li>\n<\/ul>\n\n\n\n<p>La Secretar\u00eda de Salud P\u00fablica hace el llamado a la comunidad para que, antes de realizarse cualquier procedimiento est\u00e9tico, verifique que el establecimiento y el personal que lo realizar\u00e1 cumplan con las condiciones y requisitos establecidos por la normatividad sanitaria vigente, con el fin de proteger su salud y prevenir posibles complicaciones.<\/p>\n\n\n\n<p>En los \u00faltimos a\u00f1os ha aumentado la oferta en centros de est\u00e9tica, spa y establecimientos dedicados a tratamientos corporales y faciales. Sin embargo, las autoridades sanitarias han identificado que, en Manizales, se realizan intervenciones invasivas por personal que no pertenece al talento humano en salud o en establecimientos que no cuentan con habilitaci\u00f3n para prestar servicios sanitarios, lo que representa un riesgo importante para el bienestar de quienes acceden a los tratamientos.<\/p>\n\n\n\n<figure class=\"wp-block-embed is-type-video is-provider-youtube wp-block-embed-youtube wp-embed-aspect-16-9 wp-has-aspect-ratio\"><div class=\"wp-block-embed__wrapper\">\n<iframe title=\"David Eduardo G\u00f3mez Springstube, secretario de Salud de Manizales\" width=\"640\" height=\"360\" src=\"https:\/\/www.youtube.com\/embed\/0Ms3svuEJlg?feature=oembed\" frameborder=\"0\" allow=\"accelerometer; autoplay; clipboard-write; encrypted-media; gyroscope; picture-in-picture; web-share\" referrerpolicy=\"strict-origin-when-cross-origin\" allowfullscreen><\/iframe>\n<\/div><figcaption class=\"wp-element-caption\"><strong>Video:<em>\u00a0con el secretario de salud de Manizales, David G\u00f3mez Springstube, advierte sobre los riesgos de procedimientos est\u00e9ticos en lugares no autorizados.<\/em><\/strong><\/figcaption><\/figure>\n\n\n\n<p>Es importante que la comunidad tenga presente que los procedimientos est\u00e9ticos invasivos solo pueden ser realizados por profesionales del \u00e1rea de la salud debidamente formados y autorizados para ejercer, y en establecimientos habilitados para la prestaci\u00f3n de servicios de salud, por lo tanto, la aplicaci\u00f3n de toxina botul\u00ednica (b\u00f3tox), rellenos faciales, perfilamiento o aumento de labios, lip\u00f3lisis, sueroterapias, entre otros, no son tratamientos cosm\u00e9ticos simples, ya que implican intervenciones que pueden generar complicaciones cuando no se realizan bajo condiciones seguras y por personal id\u00f3neo.<\/p>\n\n\n\n<figure class=\"wp-block-image size-large\"><img fetchpriority=\"high\" decoding=\"async\" width=\"1024\" height=\"576\" src=\"https:\/\/vocesdelaregion.com\/wp-content\/uploads\/2026\/03\/Botox-1024x576.jpg\" alt=\"\" class=\"wp-image-35432\" srcset=\"https:\/\/vocesdelaregion.com\/wp-content\/uploads\/2026\/03\/Botox-1024x576.jpg 1024w, https:\/\/vocesdelaregion.com\/wp-content\/uploads\/2026\/03\/Botox-300x169.jpg 300w, https:\/\/vocesdelaregion.com\/wp-content\/uploads\/2026\/03\/Botox-768x432.jpg 768w, https:\/\/vocesdelaregion.com\/wp-content\/uploads\/2026\/03\/Botox.jpg 1280w\" sizes=\"(max-width: 1024px) 100vw, 1024px\" \/><\/figure>\n\n\n\n<p>La Secretar\u00eda de Salud P\u00fablica recomienda a la comunidad tener en cuenta las siguientes medidas antes de someterse a cualquier procedimiento est\u00e9tico:<\/p>\n\n\n\n<figure class=\"wp-block-audio\"><audio controls src=\"https:\/\/centrodeinformacion.manizales.gov.co\/wp-content\/uploads\/2026\/03\/Jazmin-Eliana-Villa-online-audio-converter.com_.mp3\"><\/audio><figcaption class=\"wp-element-caption\"><strong>Audio:\u00a0<em>Jazm\u00edn Eliana Villa, jefe del Programa de Calidad de la Secretar\u00eda de Salud de Manizales.<\/em><\/strong><br><\/figcaption><\/figure>\n\n\n\n<p>\u2022 Verifique que el establecimiento est\u00e9 habilitado como prestador de servicios de salud.<br>Esta informaci\u00f3n puede consultarse a trav\u00e9s del Registro Especial de Prestadores de Servicios de Salud (REPS), en el enlace&nbsp;<a href=\"https:\/\/prestadores.minsalud.gov.co\/habilitacion\/\">https:\/\/prestadores.minsalud.gov.co\/habilitacion\/<\/a>&nbsp;&nbsp; donde se encuentran registrados los establecimientos autorizados para prestar este tipo de servicios. Es importante recordar que lugares como viviendas, residencias o apartamentos no corresponden a sitios aptos ni cuentan con las condiciones sanitarias exigidas para la prestaci\u00f3n de servicios de salud, por lo que se recomienda a la ciudadan\u00eda abstenerse de acudir a dichos espacios para recibir este tipo de atenci\u00f3n.<\/p>\n\n\n\n<p>\u2022 Confirme que el profesional que realizar\u00e1 la intervenci\u00f3n est\u00e9 autorizado para ejercer su profesi\u00f3n. Esto puede verificarse a trav\u00e9s del Registro \u00danico Nacional del Talento Humano en Salud (RETHUS) en el siguiente Link: \u00a0<a href=\"https:\/\/web.sispro.gov.co\/THS\/Cliente\/ConsultasPublicas\/ConsultaPublicaDeTHxIdentificacion.aspx\">https:\/\/web.sispro.gov.co\/THS\/Cliente\/ConsultasPublicas\/ConsultaPublicaDeTHxIdentificacion.aspx<\/a>\u00a0\u00a0herr amienta que permite validar si el profesional cuenta con la formaci\u00f3n y la autorizaci\u00f3n legal para ejercer en el \u00e1rea de la salud.<\/p>\n\n\n\n<p>\u2022 Evite someterse a tratamientos en lugares no habilitados o con personas que no puedan demostrar su formaci\u00f3n profesional.<\/p>\n\n\n\n<p>Realizarse procedimientos est\u00e9ticos en condiciones no seguras puede generar infecciones, reacciones adversas, deformidades, lesiones permanentes y otras complicaciones que pueden afectar seriamente la salud e incluso requerir atenci\u00f3n m\u00e9dica especializada.<\/p>\n\n\n\n<p><strong>La Secretar\u00eda de Salud P\u00fablica invita a la ciudadan\u00eda a informarse, verificar y tomar decisiones responsables antes de acceder a este tipo de servicios. Elegir establecimientos habilitados y profesionales id\u00f3neos garantiza mejores resultados y protege lo m\u00e1s importante: la salud y el bienestar.<\/strong><\/p>\n\n\n\n<p><\/p>\n","protected":false},"excerpt":{"rendered":"<p>La Secretar\u00eda de Salud P\u00fablica hace el llamado a la comunidad para que, antes de realizarse cualquier procedimiento est\u00e9tico, verifique que el establecimiento y el personal que lo realizar\u00e1 cumplan con las condiciones y requisitos establecidos por la normatividad sanitaria vigente, con el fin de proteger su salud y prevenir posibles complicaciones. En los \u00faltimos [&hellip;]<\/p>\n","protected":false},"author":1,"featured_media":35433,"comment_status":"closed","ping_status":"closed","sticky":false,"template":"","format":"standard","meta":{"om_disable_all_campaigns":false,"_monsterinsights_skip_tracking":false,"_monsterinsights_sitenote_active":false,"_monsterinsights_sitenote_note":"","_monsterinsights_sitenote_category":0,"_uf_show_specific_survey":0,"_uf_disable_surveys":false,"footnotes":""},"categories":[355,58,328],"tags":[],"class_list":["post-35431","post","type-post","status-publish","format-standard","has-post-thumbnail","hentry","category-alcaldia-de-manizales","category-alcaldias","category-salud"],"aioseo_notices":[],"blog_post_layout_featured_media_urls":{"thumbnail":["https:\/\/vocesdelaregion.com\/wp-content\/uploads\/2026\/03\/lipolisis-camilla-doctor-150x150.jpg",150,150,true],"full":["https:\/\/vocesdelaregion.com\/wp-content\/uploads\/2026\/03\/lipolisis-camilla-doctor.jpg",642,361,false]},"categories_names":{"355":{"name":"Alcald\u00eda de Manizales","link":"https:\/\/vocesdelaregion.com\/index.php\/category\/alcaldias\/alcaldia-de-manizales\/"},"58":{"name":"Alcald\u00edas","link":"https:\/\/vocesdelaregion.com\/index.php\/category\/alcaldias\/"},"328":{"name":"Salud","link":"https:\/\/vocesdelaregion.com\/index.php\/category\/salud\/"}},"tags_names":[],"comments_number":"0","wpmagazine_modules_lite_featured_media_urls":{"thumbnail":["https:\/\/vocesdelaregion.com\/wp-content\/uploads\/2026\/03\/lipolisis-camilla-doctor-150x150.jpg",150,150,true],"cvmm-medium":["https:\/\/vocesdelaregion.com\/wp-content\/uploads\/2026\/03\/lipolisis-camilla-doctor-300x300.jpg",300,300,true],"cvmm-medium-plus":["https:\/\/vocesdelaregion.com\/wp-content\/uploads\/2026\/03\/lipolisis-camilla-doctor-305x207.jpg",305,207,true],"cvmm-portrait":["https:\/\/vocesdelaregion.com\/wp-content\/uploads\/2026\/03\/lipolisis-camilla-doctor-400x361.jpg",400,361,true],"cvmm-medium-square":["https:\/\/vocesdelaregion.com\/wp-content\/uploads\/2026\/03\/lipolisis-camilla-doctor-600x361.jpg",600,361,true],"cvmm-large":["https:\/\/vocesdelaregion.com\/wp-content\/uploads\/2026\/03\/lipolisis-camilla-doctor.jpg",642,361,false],"cvmm-small":["https:\/\/vocesdelaregion.com\/wp-content\/uploads\/2026\/03\/lipolisis-camilla-doctor-130x95.jpg",130,95,true],"full":["https:\/\/vocesdelaregion.com\/wp-content\/uploads\/2026\/03\/lipolisis-camilla-doctor.jpg",642,361,false]},"_links":{"self":[{"href":"https:\/\/vocesdelaregion.com\/index.php\/wp-json\/wp\/v2\/posts\/35431","targetHints":{"allow":["GET"]}}],"collection":[{"href":"https:\/\/vocesdelaregion.com\/index.php\/wp-json\/wp\/v2\/posts"}],"about":[{"href":"https:\/\/vocesdelaregion.com\/index.php\/wp-json\/wp\/v2\/types\/post"}],"author":[{"embeddable":true,"href":"https:\/\/vocesdelaregion.com\/index.php\/wp-json\/wp\/v2\/users\/1"}],"replies":[{"embeddable":true,"href":"https:\/\/vocesdelaregion.com\/index.php\/wp-json\/wp\/v2\/comments?post=35431"}],"version-history":[{"count":2,"href":"https:\/\/vocesdelaregion.com\/index.php\/wp-json\/wp\/v2\/posts\/35431\/revisions"}],"predecessor-version":[{"id":35436,"href":"https:\/\/vocesdelaregion.com\/index.php\/wp-json\/wp\/v2\/posts\/35431\/revisions\/35436"}],"wp:featuredmedia":[{"embeddable":true,"href":"https:\/\/vocesdelaregion.com\/index.php\/wp-json\/wp\/v2\/media\/35433"}],"wp:attachment":[{"href":"https:\/\/vocesdelaregion.com\/index.php\/wp-json\/wp\/v2\/media?parent=35431"}],"wp:term":[{"taxonomy":"category","embeddable":true,"href":"https:\/\/vocesdelaregion.com\/index.php\/wp-json\/wp\/v2\/categories?post=35431"},{"taxonomy":"post_tag","embeddable":true,"href":"https:\/\/vocesdelaregion.com\/index.php\/wp-json\/wp\/v2\/tags?post=35431"}],"curies":[{"name":"wp","href":"https:\/\/api.w.org\/{rel}","templated":true}]}}