{"id":35100,"date":"2026-01-31T21:04:41","date_gmt":"2026-02-01T02:04:41","guid":{"rendered":"https:\/\/vocesdelaregion.com\/?p=35100"},"modified":"2026-01-31T21:04:43","modified_gmt":"2026-02-01T02:04:43","slug":"alcaldia-de-belalcazar-gestiono-recursos-por-mas-de-400-millones-con-la-dian","status":"publish","type":"post","link":"https:\/\/vocesdelaregion.com\/index.php\/2026\/01\/31\/alcaldia-de-belalcazar-gestiono-recursos-por-mas-de-400-millones-con-la-dian\/","title":{"rendered":"Alcald\u00eda de Belalc\u00e1zar gestion\u00f3 recursos por m\u00e1s de 400 millones con la DIAN"},"content":{"rendered":"\n<p>Gracias a una gesti\u00f3n estrat\u00e9gica de la Administraci\u00f3n Municipal ante la DIAN, se logr\u00f3 la asignaci\u00f3n de un importante recurso por 426 millones de pesos, que ser\u00e1 entregado en mercanc\u00edas para el beneficio de nuestros territorios.<\/p>\n\n\n\n<p>En las pr\u00f3ximas la alcald\u00eda de Belalc\u00e1zar iniciar\u00e1 la entrega de estos art\u00edculos, impactando de manera directa a la comunidad.<\/p>\n\n\n\n<p>La alcald\u00eda no se detiene, contin\u00faa gestionando y trabajando con compromiso para alcanzar las metas y seguir construyendo bienestar para todos los belalcazaritas.<\/p>\n\n\n\n<figure class=\"wp-block-video\"><video height=\"1280\" style=\"aspect-ratio: 720 \/ 1280;\" width=\"720\" controls src=\"https:\/\/vocesdelaregion.com\/wp-content\/uploads\/2026\/01\/AQM6-721KR6bz_EjwhTwYtdhZm675mQBkbjFzAoHkJvY4yJNVW00HXyHLpPs981GC47I39YAdB0wXnAytZiUvC_ZuI4FoMpq1PH0NSeaAvXQhg.mp4\"><\/video><\/figure>\n","protected":false},"excerpt":{"rendered":"<p>Gracias a una gesti\u00f3n estrat\u00e9gica de la Administraci\u00f3n Municipal ante la DIAN, se logr\u00f3 la asignaci\u00f3n de un importante recurso por 426 millones de pesos, que ser\u00e1 entregado en mercanc\u00edas para el beneficio de nuestros territorios. En las pr\u00f3ximas la alcald\u00eda de Belalc\u00e1zar iniciar\u00e1 la entrega de estos art\u00edculos, impactando de manera directa a la [&hellip;]<\/p>\n","protected":false},"author":1,"featured_media":35101,"comment_status":"closed","ping_status":"closed","sticky":false,"template":"","format":"standard","meta":{"om_disable_all_campaigns":false,"_monsterinsights_skip_tracking":false,"_monsterinsights_sitenote_active":false,"_monsterinsights_sitenote_note":"","_monsterinsights_sitenote_category":0,"_uf_show_specific_survey":0,"_uf_disable_surveys":false,"footnotes":""},"categories":[23,27],"tags":[],"class_list":["post-35100","post","type-post","status-publish","format-standard","has-post-thumbnail","hentry","category-belalcazar","category-occidente-prospero"],"aioseo_notices":[],"blog_post_layout_featured_media_urls":{"thumbnail":["https:\/\/vocesdelaregion.com\/wp-content\/uploads\/2026\/01\/MSG622JU5RGY5EBGULNTYO4V4M-150x150.avif",150,150,true],"full":["https:\/\/vocesdelaregion.com\/wp-content\/uploads\/2026\/01\/MSG622JU5RGY5EBGULNTYO4V4M.avif",992,558,false]},"categories_names":{"23":{"name":"Belalc\u00e1zar","link":"https:\/\/vocesdelaregion.com\/index.php\/category\/occidente-prospero\/belalcazar\/"},"27":{"name":"Occidente Pr\u00f3spero","link":"https:\/\/vocesdelaregion.com\/index.php\/category\/occidente-prospero\/"}},"tags_names":[],"comments_number":"0","wpmagazine_modules_lite_featured_media_urls":{"thumbnail":["https:\/\/vocesdelaregion.com\/wp-content\/uploads\/2026\/01\/MSG622JU5RGY5EBGULNTYO4V4M-150x150.avif",150,150,true],"cvmm-medium":["https:\/\/vocesdelaregion.com\/wp-content\/uploads\/2026\/01\/MSG622JU5RGY5EBGULNTYO4V4M-300x300.avif",300,300,true],"cvmm-medium-plus":["https:\/\/vocesdelaregion.com\/wp-content\/uploads\/2026\/01\/MSG622JU5RGY5EBGULNTYO4V4M-305x207.avif",305,207,true],"cvmm-portrait":["https:\/\/vocesdelaregion.com\/wp-content\/uploads\/2026\/01\/MSG622JU5RGY5EBGULNTYO4V4M-400x558.avif",400,558,true],"cvmm-medium-square":["https:\/\/vocesdelaregion.com\/wp-content\/uploads\/2026\/01\/MSG622JU5RGY5EBGULNTYO4V4M-600x558.avif",600,558,true],"cvmm-large":["https:\/\/vocesdelaregion.com\/wp-content\/uploads\/2026\/01\/MSG622JU5RGY5EBGULNTYO4V4M.avif",992,558,false],"cvmm-small":["https:\/\/vocesdelaregion.com\/wp-content\/uploads\/2026\/01\/MSG622JU5RGY5EBGULNTYO4V4M-130x95.avif",130,95,true],"full":["https:\/\/vocesdelaregion.com\/wp-content\/uploads\/2026\/01\/MSG622JU5RGY5EBGULNTYO4V4M.avif",992,558,false]},"_links":{"self":[{"href":"https:\/\/vocesdelaregion.com\/index.php\/wp-json\/wp\/v2\/posts\/35100","targetHints":{"allow":["GET"]}}],"collection":[{"href":"https:\/\/vocesdelaregion.com\/index.php\/wp-json\/wp\/v2\/posts"}],"about":[{"href":"https:\/\/vocesdelaregion.com\/index.php\/wp-json\/wp\/v2\/types\/post"}],"author":[{"embeddable":true,"href":"https:\/\/vocesdelaregion.com\/index.php\/wp-json\/wp\/v2\/users\/1"}],"replies":[{"embeddable":true,"href":"https:\/\/vocesdelaregion.com\/index.php\/wp-json\/wp\/v2\/comments?post=35100"}],"version-history":[{"count":1,"href":"https:\/\/vocesdelaregion.com\/index.php\/wp-json\/wp\/v2\/posts\/35100\/revisions"}],"predecessor-version":[{"id":35103,"href":"https:\/\/vocesdelaregion.com\/index.php\/wp-json\/wp\/v2\/posts\/35100\/revisions\/35103"}],"wp:featuredmedia":[{"embeddable":true,"href":"https:\/\/vocesdelaregion.com\/index.php\/wp-json\/wp\/v2\/media\/35101"}],"wp:attachment":[{"href":"https:\/\/vocesdelaregion.com\/index.php\/wp-json\/wp\/v2\/media?parent=35100"}],"wp:term":[{"taxonomy":"category","embeddable":true,"href":"https:\/\/vocesdelaregion.com\/index.php\/wp-json\/wp\/v2\/categories?post=35100"},{"taxonomy":"post_tag","embeddable":true,"href":"https:\/\/vocesdelaregion.com\/index.php\/wp-json\/wp\/v2\/tags?post=35100"}],"curies":[{"name":"wp","href":"https:\/\/api.w.org\/{rel}","templated":true}]}}