{"id":35090,"date":"2026-01-31T17:56:26","date_gmt":"2026-01-31T22:56:26","guid":{"rendered":"https:\/\/vocesdelaregion.com\/?p=35090"},"modified":"2026-01-31T18:03:22","modified_gmt":"2026-01-31T23:03:22","slug":"intento-huir-cuando-vio-a-la-policia-llevaba-un-arma-de-fuego","status":"publish","type":"post","link":"https:\/\/vocesdelaregion.com\/index.php\/2026\/01\/31\/intento-huir-cuando-vio-a-la-policia-llevaba-un-arma-de-fuego\/","title":{"rendered":"Intent\u00f3 huir cuando vio a la polic\u00eda. Llevaba un arma de fuego"},"content":{"rendered":"\n<p>El procedimiento se desarroll\u00f3 en el barrio Comuneros como parte de los planes de prevenci\u00f3n y seguridad<\/p>\n\n\n\n<p>En el marco de los planes de prevenci\u00f3n, registro y control adelantados por la Polic\u00eda Nacional, uniformados adscritos al CAI Villa Hermosa de la ciudad de Manizales lograron la captura en flagrancia de un hombre de 28 a\u00f1os, por el delito de fabricaci\u00f3n, tr\u00e1fico o porte de armas de fuego, accesorios, partes o municiones.<\/p>\n\n\n\n<p>El procedimiento se llev\u00f3 a cabo en la carrera 9C con calle 50A del barrio Comuneros, cuando uniformados de la patrulla cinco del CAI Villa Hermosa observaron a un ciudadano que, al notar la presencia policial, se mostr\u00f3 nervioso e intent\u00f3 huir ingresando a una residencia. De manera inmediata, los funcionarios procedieron a abordarlo y a practicarle un registro personal, hall\u00e1ndole en su poder un arma de fuego tipo rev\u00f3lver de fabricaci\u00f3n artesanal con un cartucho calibre 7.65 mm. en su interior.<\/p>\n\n\n\n<p>El capturado fue identificado como \u201cJuancho\u201d, de 28 a\u00f1os de edad, quien junto al arma de fuego fue dejado a disposici\u00f3n de la Fiscal\u00eda General de la Naci\u00f3n por el delito de porte ilegal de armas de fuego.<\/p>\n\n\n\n<p>En lo corrido del a\u00f1o, la Polic\u00eda Metropolitana de Manizales ha realizado 236 capturas relacionadas con actividades delictivas y ha incautado m\u00e1s de seis armas de fuego de origen ilegal.<\/p>\n\n\n\n<p>La se\u00f1ora teniente coronel \u00c1ngel Dahiana Id\u00e1rraga Ram\u00edrez, comandante operativo y de seguridad ciudadana (E), manifest\u00f3: <em>\u201cEstos resultados reflejan el compromiso permanente de la Polic\u00eda Nacional con la protecci\u00f3n de la vida y la integridad de los ciudadanos. Continuaremos fortaleciendo los planes operativos y los controles en los sectores urbanos y rurales de Manizales y Villamar\u00eda, con el fin de contrarrestar el porte ilegal de armas de fuego, el hurto y las lesiones personales<\/em>\u201d.<\/p>\n\n\n\n<figure class=\"wp-block-embed is-type-video is-provider-youtube wp-block-embed-youtube wp-embed-aspect-16-9 wp-has-aspect-ratio\"><div class=\"wp-block-embed__wrapper\">\nhttps:\/\/youtu.be\/7YC9DYsLpeM\n<\/div><\/figure>\n\n\n\n<p>La Polic\u00eda Nacional reitera su compromiso con la protecci\u00f3n de la vida e invita a la comunidad a suministrar informaci\u00f3n oportuna que permita prevenir hechos delictivos, a trav\u00e9s de la l\u00ednea de emergencia 123 o los canales institucionales dispuestos para tal fin.<\/p>\n","protected":false},"excerpt":{"rendered":"<p>El procedimiento se desarroll\u00f3 en el barrio Comuneros como parte de los planes de prevenci\u00f3n y seguridad En el marco de los planes de prevenci\u00f3n, registro y control adelantados por la Polic\u00eda Nacional, uniformados adscritos al CAI Villa Hermosa de la ciudad de Manizales lograron la captura en flagrancia de un hombre de 28 a\u00f1os, [&hellip;]<\/p>\n","protected":false},"author":1,"featured_media":35091,"comment_status":"closed","ping_status":"closed","sticky":false,"template":"","format":"standard","meta":{"om_disable_all_campaigns":false,"_monsterinsights_skip_tracking":false,"_monsterinsights_sitenote_active":false,"_monsterinsights_sitenote_note":"","_monsterinsights_sitenote_category":0,"_uf_show_specific_survey":0,"_uf_disable_surveys":false,"footnotes":""},"categories":[25,359,26],"tags":[],"class_list":["post-35090","post","type-post","status-publish","format-standard","has-post-thumbnail","hentry","category-judicial","category-judiciales-caldas","category-manizales"],"aioseo_notices":[],"blog_post_layout_featured_media_urls":{"thumbnail":["https:\/\/vocesdelaregion.com\/wp-content\/uploads\/2026\/01\/WhatsApp-Image-2026-01-31-at-1.50.46-PM-150x150.jpeg",150,150,true],"full":["https:\/\/vocesdelaregion.com\/wp-content\/uploads\/2026\/01\/WhatsApp-Image-2026-01-31-at-1.50.46-PM.jpeg",2494,1764,false]},"categories_names":{"25":{"name":"Judicial","link":"https:\/\/vocesdelaregion.com\/index.php\/category\/judicial\/"},"359":{"name":"Judiciales Caldas","link":"https:\/\/vocesdelaregion.com\/index.php\/category\/judicial\/judiciales-caldas\/"},"26":{"name":"Manizales","link":"https:\/\/vocesdelaregion.com\/index.php\/category\/manizales\/"}},"tags_names":[],"comments_number":"0","wpmagazine_modules_lite_featured_media_urls":{"thumbnail":["https:\/\/vocesdelaregion.com\/wp-content\/uploads\/2026\/01\/WhatsApp-Image-2026-01-31-at-1.50.46-PM-150x150.jpeg",150,150,true],"cvmm-medium":["https:\/\/vocesdelaregion.com\/wp-content\/uploads\/2026\/01\/WhatsApp-Image-2026-01-31-at-1.50.46-PM-300x300.jpeg",300,300,true],"cvmm-medium-plus":["https:\/\/vocesdelaregion.com\/wp-content\/uploads\/2026\/01\/WhatsApp-Image-2026-01-31-at-1.50.46-PM-305x207.jpeg",305,207,true],"cvmm-portrait":["https:\/\/vocesdelaregion.com\/wp-content\/uploads\/2026\/01\/WhatsApp-Image-2026-01-31-at-1.50.46-PM-400x600.jpeg",400,600,true],"cvmm-medium-square":["https:\/\/vocesdelaregion.com\/wp-content\/uploads\/2026\/01\/WhatsApp-Image-2026-01-31-at-1.50.46-PM-600x600.jpeg",600,600,true],"cvmm-large":["https:\/\/vocesdelaregion.com\/wp-content\/uploads\/2026\/01\/WhatsApp-Image-2026-01-31-at-1.50.46-PM-1024x1024.jpeg",1024,1024,true],"cvmm-small":["https:\/\/vocesdelaregion.com\/wp-content\/uploads\/2026\/01\/WhatsApp-Image-2026-01-31-at-1.50.46-PM-130x95.jpeg",130,95,true],"full":["https:\/\/vocesdelaregion.com\/wp-content\/uploads\/2026\/01\/WhatsApp-Image-2026-01-31-at-1.50.46-PM.jpeg",2494,1764,false]},"_links":{"self":[{"href":"https:\/\/vocesdelaregion.com\/index.php\/wp-json\/wp\/v2\/posts\/35090","targetHints":{"allow":["GET"]}}],"collection":[{"href":"https:\/\/vocesdelaregion.com\/index.php\/wp-json\/wp\/v2\/posts"}],"about":[{"href":"https:\/\/vocesdelaregion.com\/index.php\/wp-json\/wp\/v2\/types\/post"}],"author":[{"embeddable":true,"href":"https:\/\/vocesdelaregion.com\/index.php\/wp-json\/wp\/v2\/users\/1"}],"replies":[{"embeddable":true,"href":"https:\/\/vocesdelaregion.com\/index.php\/wp-json\/wp\/v2\/comments?post=35090"}],"version-history":[{"count":2,"href":"https:\/\/vocesdelaregion.com\/index.php\/wp-json\/wp\/v2\/posts\/35090\/revisions"}],"predecessor-version":[{"id":35093,"href":"https:\/\/vocesdelaregion.com\/index.php\/wp-json\/wp\/v2\/posts\/35090\/revisions\/35093"}],"wp:featuredmedia":[{"embeddable":true,"href":"https:\/\/vocesdelaregion.com\/index.php\/wp-json\/wp\/v2\/media\/35091"}],"wp:attachment":[{"href":"https:\/\/vocesdelaregion.com\/index.php\/wp-json\/wp\/v2\/media?parent=35090"}],"wp:term":[{"taxonomy":"category","embeddable":true,"href":"https:\/\/vocesdelaregion.com\/index.php\/wp-json\/wp\/v2\/categories?post=35090"},{"taxonomy":"post_tag","embeddable":true,"href":"https:\/\/vocesdelaregion.com\/index.php\/wp-json\/wp\/v2\/tags?post=35090"}],"curies":[{"name":"wp","href":"https:\/\/api.w.org\/{rel}","templated":true}]}}