{"id":35087,"date":"2026-01-30T16:09:58","date_gmt":"2026-01-30T21:09:58","guid":{"rendered":"https:\/\/vocesdelaregion.com\/?p=35087"},"modified":"2026-02-05T12:57:05","modified_gmt":"2026-02-05T17:57:05","slug":"viterbo-abre-inscripciones-a-programas-culturales-gratuitos","status":"publish","type":"post","link":"https:\/\/vocesdelaregion.com\/index.php\/2026\/01\/30\/viterbo-abre-inscripciones-a-programas-culturales-gratuitos\/","title":{"rendered":"Viterbo abre inscripciones a programas culturales gratuitos"},"content":{"rendered":"\n<p>\u00a1La cultura nos une y nos hace crecer! <\/p>\n\n\n\n<p>La Administraci\u00f3n Municipal y la Secretar\u00eda de Educaci\u00f3n, Deporte, Cultura y Desarrollo Tur\u00edstico invitan con el coraz\u00f3n abierto a ni\u00f1os, j\u00f3venes y adultos a ser parte de los programas culturales que llenar\u00e1n de arte, talento y alegr\u00eda nuestro municipio de Viterbo durante este a\u00f1o.<\/p>\n\n\n\n<p>La m\u00fasica que inspira, la danza que nos representa, el teatro que nos hace sentir y el dibujo que da vida a la imaginaci\u00f3n\u2026<\/p>\n\n\n\n<p>Este es tu espacio para descubrir, aprender y expresar lo que llevas dentro.<\/p>\n\n\n\n<p><img decoding=\"async\" height=\"16\" width=\"16\" alt=\"\ud83d\udccc\" src=\"https:\/\/static.xx.fbcdn.net\/images\/emoji.php\/v9\/tac\/1\/16\/1f4cc.png\"> Programas: M\u00fasica, Danzas, Teatro y Dibujo<\/p>\n\n\n\n<p><img decoding=\"async\" height=\"16\" width=\"16\" alt=\"\ud83d\udcc5\" src=\"https:\/\/static.xx.fbcdn.net\/images\/emoji.php\/v9\/t7e\/1\/16\/1f4c5.png\"> Inscripciones: del 3 al 7 de febrero de 2026<\/p>\n\n\n\n<p><img decoding=\"async\" height=\"16\" width=\"16\" alt=\"\ud83d\udccd\" src=\"https:\/\/static.xx.fbcdn.net\/images\/emoji.php\/v9\/t2d\/1\/16\/1f4cd.png\"> Lugar: Casa de la Cultura<\/p>\n\n\n\n<p><img loading=\"lazy\" decoding=\"async\" height=\"16\" width=\"16\" alt=\"\ud83d\udd51\" src=\"https:\/\/static.xx.fbcdn.net\/images\/emoji.php\/v9\/t29\/1\/16\/1f551.png\"> Hora: 2:00 p. m. a 5:00 p. m.<\/p>\n\n\n\n<p>Totalmente gratis, porque creemos en el talento de nuestra gente y en el poder transformador de la cultura.<\/p>\n\n\n\n<p> An\u00edmate, participa y s\u00e9 parte de esta gran experiencia cultural. \u00a1Te esperamos<\/p>\n\n\n\n<figure class=\"wp-block-image size-large\"><img loading=\"lazy\" decoding=\"async\" width=\"1024\" height=\"198\" src=\"https:\/\/vocesdelaregion.com\/wp-content\/uploads\/2026\/02\/Banner-horizontal-Felix-y-Barreto-1024x198.png\" alt=\"\" class=\"wp-image-35125\" srcset=\"https:\/\/vocesdelaregion.com\/wp-content\/uploads\/2026\/02\/Banner-horizontal-Felix-y-Barreto-1024x198.png 1024w, https:\/\/vocesdelaregion.com\/wp-content\/uploads\/2026\/02\/Banner-horizontal-Felix-y-Barreto-300x58.png 300w, https:\/\/vocesdelaregion.com\/wp-content\/uploads\/2026\/02\/Banner-horizontal-Felix-y-Barreto-768x149.png 768w, https:\/\/vocesdelaregion.com\/wp-content\/uploads\/2026\/02\/Banner-horizontal-Felix-y-Barreto-1536x297.png 1536w, https:\/\/vocesdelaregion.com\/wp-content\/uploads\/2026\/02\/Banner-horizontal-Felix-y-Barreto-2048x396.png 2048w, https:\/\/vocesdelaregion.com\/wp-content\/uploads\/2026\/02\/Banner-horizontal-Felix-y-Barreto-600x116.png 600w\" sizes=\"(max-width: 1024px) 100vw, 1024px\" \/><\/figure>\n","protected":false},"excerpt":{"rendered":"<p>\u00a1La cultura nos une y nos hace crecer! La Administraci\u00f3n Municipal y la Secretar\u00eda de Educaci\u00f3n, Deporte, Cultura y Desarrollo Tur\u00edstico invitan con el coraz\u00f3n abierto a ni\u00f1os, j\u00f3venes y adultos a ser parte de los programas culturales que llenar\u00e1n de arte, talento y alegr\u00eda nuestro municipio de Viterbo durante este a\u00f1o. La m\u00fasica que [&hellip;]<\/p>\n","protected":false},"author":1,"featured_media":35088,"comment_status":"closed","ping_status":"closed","sticky":false,"template":"","format":"standard","meta":{"om_disable_all_campaigns":false,"_monsterinsights_skip_tracking":false,"_monsterinsights_sitenote_active":false,"_monsterinsights_sitenote_note":"","_monsterinsights_sitenote_category":0,"_uf_show_specific_survey":0,"_uf_disable_surveys":false,"footnotes":""},"categories":[24,27,21],"tags":[],"class_list":["post-35087","post","type-post","status-publish","format-standard","has-post-thumbnail","hentry","category-caldas","category-occidente-prospero","category-viterbo"],"aioseo_notices":[],"blog_post_layout_featured_media_urls":{"thumbnail":["https:\/\/vocesdelaregion.com\/wp-content\/uploads\/2026\/01\/624245002_1303394845158264_2476302663687458385_n-150x150.jpg",150,150,true],"full":["https:\/\/vocesdelaregion.com\/wp-content\/uploads\/2026\/01\/624245002_1303394845158264_2476302663687458385_n.jpg",526,780,false]},"categories_names":{"24":{"name":"Caldas","link":"https:\/\/vocesdelaregion.com\/index.php\/category\/caldas\/"},"27":{"name":"Occidente Pr\u00f3spero","link":"https:\/\/vocesdelaregion.com\/index.php\/category\/occidente-prospero\/"},"21":{"name":"Viterbo","link":"https:\/\/vocesdelaregion.com\/index.php\/category\/occidente-prospero\/viterbo\/"}},"tags_names":[],"comments_number":"0","wpmagazine_modules_lite_featured_media_urls":{"thumbnail":["https:\/\/vocesdelaregion.com\/wp-content\/uploads\/2026\/01\/624245002_1303394845158264_2476302663687458385_n-150x150.jpg",150,150,true],"cvmm-medium":["https:\/\/vocesdelaregion.com\/wp-content\/uploads\/2026\/01\/624245002_1303394845158264_2476302663687458385_n-300x300.jpg",300,300,true],"cvmm-medium-plus":["https:\/\/vocesdelaregion.com\/wp-content\/uploads\/2026\/01\/624245002_1303394845158264_2476302663687458385_n-305x207.jpg",305,207,true],"cvmm-portrait":["https:\/\/vocesdelaregion.com\/wp-content\/uploads\/2026\/01\/624245002_1303394845158264_2476302663687458385_n-400x600.jpg",400,600,true],"cvmm-medium-square":["https:\/\/vocesdelaregion.com\/wp-content\/uploads\/2026\/01\/624245002_1303394845158264_2476302663687458385_n-526x600.jpg",526,600,true],"cvmm-large":["https:\/\/vocesdelaregion.com\/wp-content\/uploads\/2026\/01\/624245002_1303394845158264_2476302663687458385_n.jpg",526,780,false],"cvmm-small":["https:\/\/vocesdelaregion.com\/wp-content\/uploads\/2026\/01\/624245002_1303394845158264_2476302663687458385_n-130x95.jpg",130,95,true],"full":["https:\/\/vocesdelaregion.com\/wp-content\/uploads\/2026\/01\/624245002_1303394845158264_2476302663687458385_n.jpg",526,780,false]},"_links":{"self":[{"href":"https:\/\/vocesdelaregion.com\/index.php\/wp-json\/wp\/v2\/posts\/35087","targetHints":{"allow":["GET"]}}],"collection":[{"href":"https:\/\/vocesdelaregion.com\/index.php\/wp-json\/wp\/v2\/posts"}],"about":[{"href":"https:\/\/vocesdelaregion.com\/index.php\/wp-json\/wp\/v2\/types\/post"}],"author":[{"embeddable":true,"href":"https:\/\/vocesdelaregion.com\/index.php\/wp-json\/wp\/v2\/users\/1"}],"replies":[{"embeddable":true,"href":"https:\/\/vocesdelaregion.com\/index.php\/wp-json\/wp\/v2\/comments?post=35087"}],"version-history":[{"count":2,"href":"https:\/\/vocesdelaregion.com\/index.php\/wp-json\/wp\/v2\/posts\/35087\/revisions"}],"predecessor-version":[{"id":35131,"href":"https:\/\/vocesdelaregion.com\/index.php\/wp-json\/wp\/v2\/posts\/35087\/revisions\/35131"}],"wp:featuredmedia":[{"embeddable":true,"href":"https:\/\/vocesdelaregion.com\/index.php\/wp-json\/wp\/v2\/media\/35088"}],"wp:attachment":[{"href":"https:\/\/vocesdelaregion.com\/index.php\/wp-json\/wp\/v2\/media?parent=35087"}],"wp:term":[{"taxonomy":"category","embeddable":true,"href":"https:\/\/vocesdelaregion.com\/index.php\/wp-json\/wp\/v2\/categories?post=35087"},{"taxonomy":"post_tag","embeddable":true,"href":"https:\/\/vocesdelaregion.com\/index.php\/wp-json\/wp\/v2\/tags?post=35087"}],"curies":[{"name":"wp","href":"https:\/\/api.w.org\/{rel}","templated":true}]}}