{"id":35078,"date":"2026-01-30T11:22:00","date_gmt":"2026-01-30T16:22:00","guid":{"rendered":"https:\/\/vocesdelaregion.com\/?p=35078"},"modified":"2026-01-30T15:32:41","modified_gmt":"2026-01-30T20:32:41","slug":"respuesta-inmediata-y-atencion-integral-en-salud-mental-en-manizales","status":"publish","type":"post","link":"https:\/\/vocesdelaregion.com\/index.php\/2026\/01\/30\/respuesta-inmediata-y-atencion-integral-en-salud-mental-en-manizales\/","title":{"rendered":"Respuesta inmediata y atenci\u00f3n integral en salud mental en Manizales"},"content":{"rendered":"\n<p><em><strong>A trav\u00e9s de programas institucionales y l\u00edneas de atenci\u00f3n, la Alcald\u00eda de Manizales dispone servicios para la ciudadan\u00eda, en escenarios de ansiedad extrema, depresi\u00f3n, violencia o riesgo de suicidio.<\/strong><\/em><\/p>\n\n\n\n<p><strong><em>Manizales cuenta con rutas activas para la atenci\u00f3n de crisis y emergencias psicosociales. Programas orientados al cuidado de la salud mental y a la protecci\u00f3n de la vida en la ciudad.<\/em><\/strong><a href=\"https:\/\/centrodeinformacion.manizales.gov.co\/2026\/01\/30\/\"><\/a><\/p>\n\n\n\n<p>La salud mental es hoy uno de los principales retos en Colombia. De acuerdo con el Ministerio de Salud, el 66,3 % de los colombianos ha manifestado haber enfrentado alg\u00fan problema relacionado con la salud mental en alg\u00fan momento de su vida. Esta cifra evidencia una demanda creciente de atenci\u00f3n y prevenci\u00f3n, especialmente en zonas urbanas.<\/p>\n\n\n\n<figure class=\"wp-block-image size-large\"><img fetchpriority=\"high\" decoding=\"async\" width=\"1024\" height=\"682\" src=\"https:\/\/vocesdelaregion.com\/wp-content\/uploads\/2026\/01\/1\ufe0f\u20e3-La-atencion-en-la-Unidad-de-Salud-Mental-del-Hospital-San-Isidro-continua-tras-contratacion-con-1024x682.jpeg\" alt=\"\" class=\"wp-image-35079\" srcset=\"https:\/\/vocesdelaregion.com\/wp-content\/uploads\/2026\/01\/1\ufe0f\u20e3-La-atencion-en-la-Unidad-de-Salud-Mental-del-Hospital-San-Isidro-continua-tras-contratacion-con-1024x682.jpeg 1024w, https:\/\/vocesdelaregion.com\/wp-content\/uploads\/2026\/01\/1\ufe0f\u20e3-La-atencion-en-la-Unidad-de-Salud-Mental-del-Hospital-San-Isidro-continua-tras-contratacion-con-300x200.jpeg 300w, https:\/\/vocesdelaregion.com\/wp-content\/uploads\/2026\/01\/1\ufe0f\u20e3-La-atencion-en-la-Unidad-de-Salud-Mental-del-Hospital-San-Isidro-continua-tras-contratacion-con-768x512.jpeg 768w, https:\/\/vocesdelaregion.com\/wp-content\/uploads\/2026\/01\/1\ufe0f\u20e3-La-atencion-en-la-Unidad-de-Salud-Mental-del-Hospital-San-Isidro-continua-tras-contratacion-con-600x400.jpeg 600w, https:\/\/vocesdelaregion.com\/wp-content\/uploads\/2026\/01\/1\ufe0f\u20e3-La-atencion-en-la-Unidad-de-Salud-Mental-del-Hospital-San-Isidro-continua-tras-contratacion-con.jpeg 1280w\" sizes=\"(max-width: 1024px) 100vw, 1024px\" \/><\/figure>\n\n\n\n<p>En este contexto, la Alcald\u00eda de Manizales, a trav\u00e9s de la Coordinaci\u00f3n Social articulada con distintas secretar\u00edas, el equipo denominado \u2018Estamos Contigo\u2019 ha dispuesto una red de servicios orientada a la atenci\u00f3n inmediata y activaci\u00f3n de rutas de apoyo. Uno de los principales canales es la L\u00ednea&nbsp;<strong>123<\/strong>.<\/p>\n\n\n\n<p>Seg\u00fan explica Carlos Humberto Orozco, el Coordinador Social de la Administraci\u00f3n Municipal:&nbsp;<strong><em>\u201cLa L\u00ednea 123 nos permite recibir las llamadas y activar las rutas de atenci\u00f3n en salud mental, violencia de g\u00e9nero, violencia intrafamiliar, maltrato animal y otras situaciones que requieren intervenci\u00f3n inmediata\u201d<\/em><\/strong>, se\u00f1al\u00f3.<\/p>\n\n\n\n<figure class=\"wp-block-audio\"><audio controls src=\"https:\/\/centrodeinformacion.manizales.gov.co\/wp-content\/uploads\/2026\/01\/audio-Carlos-Humberto-coordinador-social.mp3\"><\/audio><figcaption class=\"wp-element-caption\"><em><strong>Audio: Carlos Humberto Orozco Tellez, Coordinador Social de la Alcald\u00eda de Manizales<\/strong><\/em><br><\/figcaption><\/figure>\n\n\n\n<p>Dentro del esquema se destaca el Equipo de Respuesta e Intervenci\u00f3n en Crisis (ERIC), programa que funciona en articulaci\u00f3n con el Cuerpo Oficial de Bomberos y la Unidad de Gesti\u00f3n del Riesgo. ERIC cuenta con psic\u00f3logos que realizan turnos junto a los bomberos y acompa\u00f1an situaciones de crisis como: intentos de suicidio, episodios de depresi\u00f3n severa, ansiedad o estados de agitaci\u00f3n emocional. El modelo, poco com\u00fan en el pa\u00eds, opera en Manizales desde hace dos a\u00f1os y permite intervenci\u00f3n profesional desde el primer contacto.<\/p>\n\n\n\n<p>A las acciones de&nbsp;<strong>\u2018Estamos Contigo\u2019<\/strong>&nbsp;se suman otras estrategias incluidas dentro del paquete de salud mental del municipio. Entre ellas se encuentran los Centros de Escucha, espacios comunitarios de orientaci\u00f3n y acompa\u00f1amiento; la atenci\u00f3n primaria en salud con visitas casa a casa, desarrollada a trav\u00e9s del Plan de Intervenciones Colectivas (PIC); y la proyecci\u00f3n de un trabajo m\u00e1s cercano con fundaciones y empresas, con el fin de ampliar el alcance de las acciones preventivas y educativas.<\/p>\n\n\n\n<p>De manera complementaria, la Administraci\u00f3n Municipal incorpora criterios de salud mental en la planeaci\u00f3n de proyectos de infraestructura.&nbsp;<strong><em>\u201cEn cada proyecto tenemos en cuenta aspectos como la iluminaci\u00f3n, la apariencia de los parques, las v\u00edas y los espacios p\u00fablicos, para que sean lugares de encuentro, distracci\u00f3n y bienestar para las familias. Los escenarios deportivos y parques que se construyen o se intervienen tambi\u00e9n hacen parte de esta estrategia\u201d,<\/em><\/strong>&nbsp;explic\u00f3 el Coordinador Social.<\/p>\n\n\n\n<p>Desde la Alcald\u00eda de Manizales se invita a la ciudadan\u00eda a hacer uso de estos servicios, acudir a la L\u00ednea 123 en situaciones de emergencia y acercarse a los programas disponibles.<\/p>\n","protected":false},"excerpt":{"rendered":"<p>A trav\u00e9s de programas institucionales y l\u00edneas de atenci\u00f3n, la Alcald\u00eda de Manizales dispone servicios para la ciudadan\u00eda, en escenarios de ansiedad extrema, depresi\u00f3n, violencia o riesgo de suicidio. Manizales cuenta con rutas activas para la atenci\u00f3n de crisis y emergencias psicosociales. Programas orientados al cuidado de la salud mental y a la protecci\u00f3n de [&hellip;]<\/p>\n","protected":false},"author":1,"featured_media":35081,"comment_status":"closed","ping_status":"closed","sticky":false,"template":"","format":"standard","meta":{"om_disable_all_campaigns":false,"_monsterinsights_skip_tracking":false,"_monsterinsights_sitenote_active":false,"_monsterinsights_sitenote_note":"","_monsterinsights_sitenote_category":0,"_uf_show_specific_survey":0,"_uf_disable_surveys":false,"footnotes":""},"categories":[355,58,328],"tags":[],"class_list":["post-35078","post","type-post","status-publish","format-standard","has-post-thumbnail","hentry","category-alcaldia-de-manizales","category-alcaldias","category-salud"],"aioseo_notices":[],"blog_post_layout_featured_media_urls":{"thumbnail":["https:\/\/vocesdelaregion.com\/wp-content\/uploads\/2026\/01\/123-350x250-1-150x150.jpg",150,150,true],"full":["https:\/\/vocesdelaregion.com\/wp-content\/uploads\/2026\/01\/123-350x250-1.jpg",350,250,false]},"categories_names":{"355":{"name":"Alcald\u00eda de Manizales","link":"https:\/\/vocesdelaregion.com\/index.php\/category\/alcaldias\/alcaldia-de-manizales\/"},"58":{"name":"Alcald\u00edas","link":"https:\/\/vocesdelaregion.com\/index.php\/category\/alcaldias\/"},"328":{"name":"Salud","link":"https:\/\/vocesdelaregion.com\/index.php\/category\/salud\/"}},"tags_names":[],"comments_number":"0","wpmagazine_modules_lite_featured_media_urls":{"thumbnail":["https:\/\/vocesdelaregion.com\/wp-content\/uploads\/2026\/01\/123-350x250-1-150x150.jpg",150,150,true],"cvmm-medium":["https:\/\/vocesdelaregion.com\/wp-content\/uploads\/2026\/01\/123-350x250-1-300x250.jpg",300,250,true],"cvmm-medium-plus":["https:\/\/vocesdelaregion.com\/wp-content\/uploads\/2026\/01\/123-350x250-1-305x207.jpg",305,207,true],"cvmm-portrait":["https:\/\/vocesdelaregion.com\/wp-content\/uploads\/2026\/01\/123-350x250-1.jpg",350,250,false],"cvmm-medium-square":["https:\/\/vocesdelaregion.com\/wp-content\/uploads\/2026\/01\/123-350x250-1.jpg",350,250,false],"cvmm-large":["https:\/\/vocesdelaregion.com\/wp-content\/uploads\/2026\/01\/123-350x250-1.jpg",350,250,false],"cvmm-small":["https:\/\/vocesdelaregion.com\/wp-content\/uploads\/2026\/01\/123-350x250-1-130x95.jpg",130,95,true],"full":["https:\/\/vocesdelaregion.com\/wp-content\/uploads\/2026\/01\/123-350x250-1.jpg",350,250,false]},"_links":{"self":[{"href":"https:\/\/vocesdelaregion.com\/index.php\/wp-json\/wp\/v2\/posts\/35078","targetHints":{"allow":["GET"]}}],"collection":[{"href":"https:\/\/vocesdelaregion.com\/index.php\/wp-json\/wp\/v2\/posts"}],"about":[{"href":"https:\/\/vocesdelaregion.com\/index.php\/wp-json\/wp\/v2\/types\/post"}],"author":[{"embeddable":true,"href":"https:\/\/vocesdelaregion.com\/index.php\/wp-json\/wp\/v2\/users\/1"}],"replies":[{"embeddable":true,"href":"https:\/\/vocesdelaregion.com\/index.php\/wp-json\/wp\/v2\/comments?post=35078"}],"version-history":[{"count":2,"href":"https:\/\/vocesdelaregion.com\/index.php\/wp-json\/wp\/v2\/posts\/35078\/revisions"}],"predecessor-version":[{"id":35083,"href":"https:\/\/vocesdelaregion.com\/index.php\/wp-json\/wp\/v2\/posts\/35078\/revisions\/35083"}],"wp:featuredmedia":[{"embeddable":true,"href":"https:\/\/vocesdelaregion.com\/index.php\/wp-json\/wp\/v2\/media\/35081"}],"wp:attachment":[{"href":"https:\/\/vocesdelaregion.com\/index.php\/wp-json\/wp\/v2\/media?parent=35078"}],"wp:term":[{"taxonomy":"category","embeddable":true,"href":"https:\/\/vocesdelaregion.com\/index.php\/wp-json\/wp\/v2\/categories?post=35078"},{"taxonomy":"post_tag","embeddable":true,"href":"https:\/\/vocesdelaregion.com\/index.php\/wp-json\/wp\/v2\/tags?post=35078"}],"curies":[{"name":"wp","href":"https:\/\/api.w.org\/{rel}","templated":true}]}}