{"id":35068,"date":"2026-01-30T12:57:25","date_gmt":"2026-01-30T17:57:25","guid":{"rendered":"https:\/\/vocesdelaregion.com\/?p=35068"},"modified":"2026-01-30T13:04:08","modified_gmt":"2026-01-30T18:04:08","slug":"golpe-al-microtrafico-en-el-area-metropolitana-centro-sur","status":"publish","type":"post","link":"https:\/\/vocesdelaregion.com\/index.php\/2026\/01\/30\/golpe-al-microtrafico-en-el-area-metropolitana-centro-sur\/","title":{"rendered":"Golpe al microtr\u00e1fico en el \u00c1rea Metropolitana Centro Sur"},"content":{"rendered":"\n<p>Seis personas capturadas en la operaci\u00f3n \u201cHONOR\u201d<\/p>\n\n\n\n<p>En el marco de la lucha frontal contra el tr\u00e1fico de estupefacientes, la Polic\u00eda Nacional, en coordinaci\u00f3n con el Ej\u00e9rcito Nacional y el CTI de la Fiscal\u00eda General de la Naci\u00f3n, adelant\u00f3 la operaci\u00f3n \u201cHONOR\u201d, logrando la desarticulaci\u00f3n de un Grupo de Delincuencia Com\u00fan Organizada (GDCO) dedicado al expendio de sustancias il\u00edcitas bajo la modalidad de narcomenudeo en el municipio de Villamar\u00eda, Caldas.<\/p>\n\n\n\n<p>Luego de un proceso investigativo en el que se recolectaron elementos materiales probatorios mediante t\u00e9cnicas especializadas como interceptaci\u00f3n de comunicaciones, vigilancias a personas y lugares, entrevistas, reconocimientos fotogr\u00e1ficos y b\u00fasquedas selectivas en bases de datos, se logr\u00f3 identificar varios puntos de expendio ubicados en sectores de dif\u00edcil acceso de los barrios Santa Ana, Tur\u00edn y San Diego.<\/p>\n\n\n\n<p><\/p>\n\n\n\n<figure class=\"wp-block-embed is-type-video is-provider-youtube wp-block-embed-youtube wp-embed-aspect-16-9 wp-has-aspect-ratio\"><div class=\"wp-block-embed__wrapper\">\nhttps:\/\/youtu.be\/DV0H_vmZjrU\n<\/div><\/figure>\n\n\n\n<p>Durante la investigaci\u00f3n se obtuvo material probatorio suficiente, incluyendo registros audiovisuales de la comercializaci\u00f3n de estupefacientes, lo que permiti\u00f3 inferir de manera razonable y concreta la participaci\u00f3n de esta organizaci\u00f3n en la conducta penal investigada.<\/p>\n\n\n\n<p>Con base en el acervo probatorio, la Fiscal\u00eda 20 Local EDA solicit\u00f3 las respectivas \u00f3rdenes de captura contra los integrantes del grupo delincuencial, as\u00ed como ocho \u00f3rdenes de registro y allanamiento a inmuebles utilizados para el expendio de sustancias il\u00edcitas.<\/p>\n\n\n\n<p>Este grupo criminal hab\u00eda distribuido el territorio por zonas y rutas, estableciendo l\u00edneas de expendio bajo la modalidad de narcomenudeo, donde cada integrante ejerc\u00eda control exclusivo del sector asignado. Los puntos de expendio se concentraban en los barrios Santa Ana, Tur\u00edn y San Diego, donde operaban tres expendios fijos y un expendio m\u00f3vil.<\/p>\n\n\n\n<figure class=\"wp-block-gallery has-nested-images columns-default is-cropped wp-block-gallery-1 is-layout-flex wp-block-gallery-is-layout-flex\">\n<figure class=\"wp-block-image size-large\"><img fetchpriority=\"high\" decoding=\"async\" width=\"1024\" height=\"616\" data-id=\"35070\" src=\"https:\/\/vocesdelaregion.com\/wp-content\/uploads\/2026\/01\/WhatsApp-Image-2026-01-29-at-5.43.24-PM-1024x616.jpeg\" alt=\"\" class=\"wp-image-35070\" srcset=\"https:\/\/vocesdelaregion.com\/wp-content\/uploads\/2026\/01\/WhatsApp-Image-2026-01-29-at-5.43.24-PM-1024x616.jpeg 1024w, https:\/\/vocesdelaregion.com\/wp-content\/uploads\/2026\/01\/WhatsApp-Image-2026-01-29-at-5.43.24-PM-300x181.jpeg 300w, https:\/\/vocesdelaregion.com\/wp-content\/uploads\/2026\/01\/WhatsApp-Image-2026-01-29-at-5.43.24-PM-768x462.jpeg 768w, https:\/\/vocesdelaregion.com\/wp-content\/uploads\/2026\/01\/WhatsApp-Image-2026-01-29-at-5.43.24-PM-1536x924.jpeg 1536w, https:\/\/vocesdelaregion.com\/wp-content\/uploads\/2026\/01\/WhatsApp-Image-2026-01-29-at-5.43.24-PM-2048x1232.jpeg 2048w, https:\/\/vocesdelaregion.com\/wp-content\/uploads\/2026\/01\/WhatsApp-Image-2026-01-29-at-5.43.24-PM-600x361.jpeg 600w\" sizes=\"(max-width: 1024px) 100vw, 1024px\" \/><\/figure>\n<\/figure>\n\n\n\n<p>Como resultado de la operaci\u00f3n, se logr\u00f3 la captura de seis personas por orden judicial por los delitos de concierto para delinquir y tr\u00e1fico de estupefacientes, as\u00ed:<\/p>\n\n\n\n<p>\u2022 \u201cLA PITBULL\u201d o \u201cJHOA\u201d, mujer de 31 a\u00f1os: principal responsable de la adquisici\u00f3n, almacenamiento y distribuci\u00f3n de estupefacientes desde puntos fijos y m\u00f3viles, especialmente en el barrio Santa Ana. Registra dos sentencias condenatorias por los delitos de hurto calificado y agravado y tr\u00e1fico de estupefacientes.<\/p>\n\n\n\n<p>\u2022 \u201cPAYASO\u201d, de 34 a\u00f1os: segundo al mando, encargado del expendio bajo la modalidad de narcomenudeo m\u00f3vil en el barrio Santa Ana y sectores aleda\u00f1os.<\/p>\n\n\n\n<p>\u2022 \u201cNENE\u201d, de 28 a\u00f1os: transportador y distribuidor m\u00f3vil en el barrio Santa Ana.<\/p>\n\n\n\n<p>\u2022 \u201cDUMBO\u201d, de 34 a\u00f1os: jefe de l\u00ednea del barrio Tur\u00edn y encargado del expendio m\u00f3vil. Registra una sentencia condenatoria por los delitos de concierto para delinquir en concurso con tr\u00e1fico de estupefacientes.<\/p>\n\n\n\n<p>\u2022 \u201cEL DIABLO\u201d, de 28 a\u00f1os: expendedor en el barrio Santa Ana. Presenta dos sentencias condenatorias por el delito de hurto calificado y agravado.<\/p>\n\n\n\n<p>\u2022 \u201cCHAVA\u201d, de 25 a\u00f1os: expendedor en el barrio Santa Ana<\/p>\n\n\n\n<p>Los capturados fueron cobijados con medida de aseguramiento, cinco de ellos en establecimiento carcelario y uno con detenci\u00f3n domiciliaria.<\/p>\n\n\n\n<p>El se\u00f1or Coronel Dave Anderson Figueroa Castellanos, comandante de la Polic\u00eda Metropolitana de Manizales, manifest\u00f3: \u201cCon esta operaci\u00f3n logramos afectar de manera directa las estructuras criminales dedicadas al tr\u00e1fico de estupefacientes en Villamar\u00eda, reafirmando nuestro compromiso de continuar trabajando de manera decidida por la seguridad, la convivencia y la tranquilidad de todos los ciudadanos.\u201d<\/p>\n\n\n\n<p>La Polic\u00eda Metropolitana de Manizales agradece a la comunidad la informaci\u00f3n suministrada, la cual fue fundamental para adelantar las actuaciones judiciales que permitieron desarticular esta organizaci\u00f3n delincuencial dedicada al tr\u00e1fico de estupefacientes en el municipio de Villamar\u00eda.<\/p>\n","protected":false},"excerpt":{"rendered":"<p>Seis personas capturadas en la operaci\u00f3n \u201cHONOR\u201d En el marco de la lucha frontal contra el tr\u00e1fico de estupefacientes, la Polic\u00eda Nacional, en coordinaci\u00f3n con el Ej\u00e9rcito Nacional y el CTI de la Fiscal\u00eda General de la Naci\u00f3n, adelant\u00f3 la operaci\u00f3n \u201cHONOR\u201d, logrando la desarticulaci\u00f3n de un Grupo de Delincuencia Com\u00fan Organizada (GDCO) dedicado al [&hellip;]<\/p>\n","protected":false},"author":1,"featured_media":35069,"comment_status":"closed","ping_status":"closed","sticky":false,"template":"","format":"standard","meta":{"om_disable_all_campaigns":false,"_monsterinsights_skip_tracking":false,"_monsterinsights_sitenote_active":false,"_monsterinsights_sitenote_note":"","_monsterinsights_sitenote_category":0,"_uf_show_specific_survey":0,"_uf_disable_surveys":false,"footnotes":""},"categories":[25,359],"tags":[],"class_list":["post-35068","post","type-post","status-publish","format-standard","has-post-thumbnail","hentry","category-judicial","category-judiciales-caldas"],"aioseo_notices":[],"blog_post_layout_featured_media_urls":{"thumbnail":["https:\/\/vocesdelaregion.com\/wp-content\/uploads\/2026\/01\/WhatsApp-Image-2026-01-29-at-5.43.24-PM-1-150x150.jpeg",150,150,true],"full":["https:\/\/vocesdelaregion.com\/wp-content\/uploads\/2026\/01\/WhatsApp-Image-2026-01-29-at-5.43.24-PM-1.jpeg",2182,1428,false]},"categories_names":{"25":{"name":"Judicial","link":"https:\/\/vocesdelaregion.com\/index.php\/category\/judicial\/"},"359":{"name":"Judiciales Caldas","link":"https:\/\/vocesdelaregion.com\/index.php\/category\/judicial\/judiciales-caldas\/"}},"tags_names":[],"comments_number":"0","wpmagazine_modules_lite_featured_media_urls":{"thumbnail":["https:\/\/vocesdelaregion.com\/wp-content\/uploads\/2026\/01\/WhatsApp-Image-2026-01-29-at-5.43.24-PM-1-150x150.jpeg",150,150,true],"cvmm-medium":["https:\/\/vocesdelaregion.com\/wp-content\/uploads\/2026\/01\/WhatsApp-Image-2026-01-29-at-5.43.24-PM-1-300x300.jpeg",300,300,true],"cvmm-medium-plus":["https:\/\/vocesdelaregion.com\/wp-content\/uploads\/2026\/01\/WhatsApp-Image-2026-01-29-at-5.43.24-PM-1-305x207.jpeg",305,207,true],"cvmm-portrait":["https:\/\/vocesdelaregion.com\/wp-content\/uploads\/2026\/01\/WhatsApp-Image-2026-01-29-at-5.43.24-PM-1-400x600.jpeg",400,600,true],"cvmm-medium-square":["https:\/\/vocesdelaregion.com\/wp-content\/uploads\/2026\/01\/WhatsApp-Image-2026-01-29-at-5.43.24-PM-1-600x600.jpeg",600,600,true],"cvmm-large":["https:\/\/vocesdelaregion.com\/wp-content\/uploads\/2026\/01\/WhatsApp-Image-2026-01-29-at-5.43.24-PM-1-1024x1024.jpeg",1024,1024,true],"cvmm-small":["https:\/\/vocesdelaregion.com\/wp-content\/uploads\/2026\/01\/WhatsApp-Image-2026-01-29-at-5.43.24-PM-1-130x95.jpeg",130,95,true],"full":["https:\/\/vocesdelaregion.com\/wp-content\/uploads\/2026\/01\/WhatsApp-Image-2026-01-29-at-5.43.24-PM-1.jpeg",2182,1428,false]},"_links":{"self":[{"href":"https:\/\/vocesdelaregion.com\/index.php\/wp-json\/wp\/v2\/posts\/35068","targetHints":{"allow":["GET"]}}],"collection":[{"href":"https:\/\/vocesdelaregion.com\/index.php\/wp-json\/wp\/v2\/posts"}],"about":[{"href":"https:\/\/vocesdelaregion.com\/index.php\/wp-json\/wp\/v2\/types\/post"}],"author":[{"embeddable":true,"href":"https:\/\/vocesdelaregion.com\/index.php\/wp-json\/wp\/v2\/users\/1"}],"replies":[{"embeddable":true,"href":"https:\/\/vocesdelaregion.com\/index.php\/wp-json\/wp\/v2\/comments?post=35068"}],"version-history":[{"count":3,"href":"https:\/\/vocesdelaregion.com\/index.php\/wp-json\/wp\/v2\/posts\/35068\/revisions"}],"predecessor-version":[{"id":35074,"href":"https:\/\/vocesdelaregion.com\/index.php\/wp-json\/wp\/v2\/posts\/35068\/revisions\/35074"}],"wp:featuredmedia":[{"embeddable":true,"href":"https:\/\/vocesdelaregion.com\/index.php\/wp-json\/wp\/v2\/media\/35069"}],"wp:attachment":[{"href":"https:\/\/vocesdelaregion.com\/index.php\/wp-json\/wp\/v2\/media?parent=35068"}],"wp:term":[{"taxonomy":"category","embeddable":true,"href":"https:\/\/vocesdelaregion.com\/index.php\/wp-json\/wp\/v2\/categories?post=35068"},{"taxonomy":"post_tag","embeddable":true,"href":"https:\/\/vocesdelaregion.com\/index.php\/wp-json\/wp\/v2\/tags?post=35068"}],"curies":[{"name":"wp","href":"https:\/\/api.w.org\/{rel}","templated":true}]}}