{"id":35054,"date":"2026-01-24T11:25:13","date_gmt":"2026-01-24T16:25:13","guid":{"rendered":"https:\/\/vocesdelaregion.com\/?p=35054"},"modified":"2026-01-24T18:34:27","modified_gmt":"2026-01-24T23:34:27","slug":"primer-homicidio-del-ano-en-manizales-a-punal-mataron-a-finca","status":"publish","type":"post","link":"https:\/\/vocesdelaregion.com\/index.php\/2026\/01\/24\/primer-homicidio-del-ano-en-manizales-a-punal-mataron-a-finca\/","title":{"rendered":"Primer homicidio del a\u00f1o en Manizales: a pu\u00f1al mataron a &#8220;Finca&#8221;"},"content":{"rendered":"\n<p>Manizales amaneci\u00f3 sacudida por la violencia. Cuando a\u00fan no se enfr\u00eda el primer mes del a\u00f1o, la ciudad ya registra\u00a0<strong>su primer homicidio de 2026<\/strong>, un hecho que dej\u00f3 consternados a los habitantes del barrio\u00a0<strong>La Isla<\/strong>.<\/p>\n\n\n\n<p>En medio del silencio de la madrugada, las autoridades hallaron el cuerpo sin vida de un joven tendido en una zona del sector. Hab\u00eda sido atacado&nbsp;<strong>sin piedad, con arma cortopunzante<\/strong>, y la escena hablaba por s\u00ed sola: la muerte fue r\u00e1pida y violenta.<\/p>\n\n\n\n<p>La v\u00edctima fue identificada como&nbsp;<strong>Anderson Camilo Mart\u00edn Rivera<\/strong>, de&nbsp;<strong>26 a\u00f1os de edad<\/strong>, conocido con el alias de&nbsp;<strong>\u201cFinca\u201d<\/strong>. Seg\u00fan el informe preliminar, recibi\u00f3&nbsp;<strong>tres heridas en el t\u00f3rax<\/strong>, lesiones que resultaron letales y no le dieron oportunidad de sobrevivir.<\/p>\n\n\n\n<p>Pero detr\u00e1s del crimen tambi\u00e9n sali\u00f3 a la luz un pasado marcado por la violencia. Mart\u00edn Rivera estaba siendo procesado por\u00a0<strong>tentativa de homicidio<\/strong>, por hechos ocurridos en mayo del a\u00f1o anterior, y adem\u00e1s registraba\u00a0<strong>antecedentes judiciales por porte ilegal de armas de fuego, tr\u00e1fico de estupefacientes y hurto<\/strong>.<\/p>\n\n\n\n<p>Este asesinato inicia el contador del nuevo a\u00f1o en la capital caldense. En\u00a0<strong>2025<\/strong>, Manizales cerr\u00f3 con\u00a0<strong>36 muertes violentas<\/strong>, una cifra que hoy vuelve a generar preocupaci\u00f3n entre las autoridades y la comunidad.<\/p>\n\n\n\n<p>La investigaci\u00f3n contin\u00faa, mientras la ciudad se pregunta, una vez m\u00e1s,&nbsp;<strong>qu\u00e9 est\u00e1 pasando con la seguridad y hasta cu\u00e1ndo la violencia seguir\u00e1 marcando el inicio de cada a\u00f1o<\/strong>.<\/p>\n","protected":false},"excerpt":{"rendered":"<p>Manizales amaneci\u00f3 sacudida por la violencia. Cuando a\u00fan no se enfr\u00eda el primer mes del a\u00f1o, la ciudad ya registra\u00a0su primer homicidio de 2026, un hecho que dej\u00f3 consternados a los habitantes del barrio\u00a0La Isla. En medio del silencio de la madrugada, las autoridades hallaron el cuerpo sin vida de un joven tendido en una [&hellip;]<\/p>\n","protected":false},"author":1,"featured_media":35053,"comment_status":"closed","ping_status":"","sticky":false,"template":"","format":"standard","meta":{"om_disable_all_campaigns":false,"_monsterinsights_skip_tracking":false,"_monsterinsights_sitenote_active":false,"_monsterinsights_sitenote_note":"","_monsterinsights_sitenote_category":0,"_uf_show_specific_survey":0,"_uf_disable_surveys":false,"footnotes":""},"categories":[25,359,26],"tags":[],"class_list":["post-35054","post","type-post","status-publish","format-standard","has-post-thumbnail","hentry","category-judicial","category-judiciales-caldas","category-manizales"],"aioseo_notices":[],"blog_post_layout_featured_media_urls":{"thumbnail":["https:\/\/vocesdelaregion.com\/wp-content\/uploads\/2026\/01\/escena-crimen-foto_0-150x150.jpg",150,150,true],"full":["https:\/\/vocesdelaregion.com\/wp-content\/uploads\/2026\/01\/escena-crimen-foto_0.jpg",400,237,false]},"categories_names":{"25":{"name":"Judicial","link":"https:\/\/vocesdelaregion.com\/index.php\/category\/judicial\/"},"359":{"name":"Judiciales Caldas","link":"https:\/\/vocesdelaregion.com\/index.php\/category\/judicial\/judiciales-caldas\/"},"26":{"name":"Manizales","link":"https:\/\/vocesdelaregion.com\/index.php\/category\/manizales\/"}},"tags_names":[],"comments_number":"0","wpmagazine_modules_lite_featured_media_urls":{"thumbnail":["https:\/\/vocesdelaregion.com\/wp-content\/uploads\/2026\/01\/escena-crimen-foto_0-150x150.jpg",150,150,true],"cvmm-medium":["https:\/\/vocesdelaregion.com\/wp-content\/uploads\/2026\/01\/escena-crimen-foto_0-300x237.jpg",300,237,true],"cvmm-medium-plus":["https:\/\/vocesdelaregion.com\/wp-content\/uploads\/2026\/01\/escena-crimen-foto_0-305x207.jpg",305,207,true],"cvmm-portrait":["https:\/\/vocesdelaregion.com\/wp-content\/uploads\/2026\/01\/escena-crimen-foto_0.jpg",400,237,false],"cvmm-medium-square":["https:\/\/vocesdelaregion.com\/wp-content\/uploads\/2026\/01\/escena-crimen-foto_0.jpg",400,237,false],"cvmm-large":["https:\/\/vocesdelaregion.com\/wp-content\/uploads\/2026\/01\/escena-crimen-foto_0.jpg",400,237,false],"cvmm-small":["https:\/\/vocesdelaregion.com\/wp-content\/uploads\/2026\/01\/escena-crimen-foto_0-130x95.jpg",130,95,true],"full":["https:\/\/vocesdelaregion.com\/wp-content\/uploads\/2026\/01\/escena-crimen-foto_0.jpg",400,237,false]},"_links":{"self":[{"href":"https:\/\/vocesdelaregion.com\/index.php\/wp-json\/wp\/v2\/posts\/35054","targetHints":{"allow":["GET"]}}],"collection":[{"href":"https:\/\/vocesdelaregion.com\/index.php\/wp-json\/wp\/v2\/posts"}],"about":[{"href":"https:\/\/vocesdelaregion.com\/index.php\/wp-json\/wp\/v2\/types\/post"}],"author":[{"embeddable":true,"href":"https:\/\/vocesdelaregion.com\/index.php\/wp-json\/wp\/v2\/users\/1"}],"replies":[{"embeddable":true,"href":"https:\/\/vocesdelaregion.com\/index.php\/wp-json\/wp\/v2\/comments?post=35054"}],"version-history":[{"count":1,"href":"https:\/\/vocesdelaregion.com\/index.php\/wp-json\/wp\/v2\/posts\/35054\/revisions"}],"predecessor-version":[{"id":35055,"href":"https:\/\/vocesdelaregion.com\/index.php\/wp-json\/wp\/v2\/posts\/35054\/revisions\/35055"}],"wp:featuredmedia":[{"embeddable":true,"href":"https:\/\/vocesdelaregion.com\/index.php\/wp-json\/wp\/v2\/media\/35053"}],"wp:attachment":[{"href":"https:\/\/vocesdelaregion.com\/index.php\/wp-json\/wp\/v2\/media?parent=35054"}],"wp:term":[{"taxonomy":"category","embeddable":true,"href":"https:\/\/vocesdelaregion.com\/index.php\/wp-json\/wp\/v2\/categories?post=35054"},{"taxonomy":"post_tag","embeddable":true,"href":"https:\/\/vocesdelaregion.com\/index.php\/wp-json\/wp\/v2\/tags?post=35054"}],"curies":[{"name":"wp","href":"https:\/\/api.w.org\/{rel}","templated":true}]}}