{"id":35039,"date":"2026-01-19T18:42:00","date_gmt":"2026-01-19T23:42:00","guid":{"rendered":"https:\/\/vocesdelaregion.com\/?p=35039"},"modified":"2026-01-20T12:56:42","modified_gmt":"2026-01-20T17:56:42","slug":"once-caldas-debuto-en-la-liga-con-caracter-buen-futbol-y-una-victoria-historica","status":"publish","type":"post","link":"https:\/\/vocesdelaregion.com\/index.php\/2026\/01\/19\/once-caldas-debuto-en-la-liga-con-caracter-buen-futbol-y-una-victoria-historica\/","title":{"rendered":"Once Caldas debut\u00f3 en la Liga con car\u00e1cter, buen f\u00fatbol y una victoria hist\u00f3rica."},"content":{"rendered":"\n<p>En el estadio General Santander y ante unas 12 mil personas, el Blanco Blanco venci\u00f3 <strong>2-1 al C\u00facuta Deportivo<\/strong>, reci\u00e9n ascendido, en un partido que empez\u00f3 cuesta arriba pero termin\u00f3 siendo un premio al esfuerzo.<\/p>\n\n\n\n<figure class=\"wp-block-gallery has-nested-images columns-default is-cropped wp-block-gallery-1 is-layout-flex wp-block-gallery-is-layout-flex\">\n<figure class=\"wp-block-image size-full\"><img fetchpriority=\"high\" decoding=\"async\" width=\"472\" height=\"590\" data-id=\"35044\" src=\"https:\/\/vocesdelaregion.com\/wp-content\/uploads\/2026\/01\/618645803_18560713438019050_8349792432855993036_n.jpg\" alt=\"\" class=\"wp-image-35044\" srcset=\"https:\/\/vocesdelaregion.com\/wp-content\/uploads\/2026\/01\/618645803_18560713438019050_8349792432855993036_n.jpg 472w, https:\/\/vocesdelaregion.com\/wp-content\/uploads\/2026\/01\/618645803_18560713438019050_8349792432855993036_n-240x300.jpg 240w\" sizes=\"(max-width: 472px) 100vw, 472px\" \/><\/figure>\n\n\n\n<figure class=\"wp-block-image size-full\"><img decoding=\"async\" width=\"472\" height=\"590\" data-id=\"35045\" src=\"https:\/\/vocesdelaregion.com\/wp-content\/uploads\/2026\/01\/619376299_18560713447019050_302683454370496857_n.jpg\" alt=\"\" class=\"wp-image-35045\" srcset=\"https:\/\/vocesdelaregion.com\/wp-content\/uploads\/2026\/01\/619376299_18560713447019050_302683454370496857_n.jpg 472w, https:\/\/vocesdelaregion.com\/wp-content\/uploads\/2026\/01\/619376299_18560713447019050_302683454370496857_n-240x300.jpg 240w\" sizes=\"(max-width: 472px) 100vw, 472px\" \/><\/figure>\n<\/figure>\n\n\n\n<p>El local sali\u00f3 a arrollar y en los primeros minutos lleg\u00f3 la pol\u00e9mica: un <strong>penal dudoso<\/strong>, sancionado por el \u00e1rbitro Luis Matorel y avalado por el VAR, tras una acci\u00f3n de Jorge Cardona sobre Eduard Arizala, precedida por una falta no sancionada contra Jaime Alvarado.<\/p>\n\n\n\n<p>Sin embargo, desde el minuto 10 el equipo de <strong>Hern\u00e1n Dar\u00edo Herrera<\/strong> se acomod\u00f3, le quit\u00f3 la pelota al rival y fue superior, con <strong>Esteban Beltr\u00e1n y Luis S\u00e1nchez<\/strong> manejando los hilos en la mitad del campo.<\/p>\n\n\n\n<p>En el complemento lleg\u00f3 la recompensa. A pesar de las ausencias de <strong>Mateo Zuleta y Esteban Beltr\u00e1n<\/strong>, el Once mantuvo su intensidad con <strong>D\u00e9inner Qui\u00f1ones y Jefry Zapata<\/strong>. A los 7 minutos del segundo tiempo, <strong>Jaime Peralta<\/strong> vio la roja por doble amarilla y dej\u00f3 al C\u00facuta con 10 hombres.<\/p>\n\n\n\n<figure class=\"wp-block-gallery has-nested-images columns-default is-cropped wp-block-gallery-2 is-layout-flex wp-block-gallery-is-layout-flex\">\n<figure class=\"wp-block-image size-large\"><img decoding=\"async\" width=\"255\" height=\"198\" data-id=\"35042\" src=\"https:\/\/vocesdelaregion.com\/wp-content\/uploads\/2026\/01\/images-4.jpg\" alt=\"\" class=\"wp-image-35042\"\/><\/figure>\n<\/figure>\n\n\n\n<p>Con uno m\u00e1s, el Once fue con todo. La falta sobre <strong>Michael Barrios<\/strong> termin\u00f3 en el empate, tras el cobro certero de <strong>Dayro Moreno<\/strong>. Y a los 41, luego de una seguidilla de llegadas, una jugada de <strong>10 toques<\/strong> termin\u00f3 en centro de <strong>Kevin Tamayo<\/strong> y definici\u00f3n, otra vez, de <strong>Dayro<\/strong>, para el <strong>1-2 definitivo<\/strong>.<\/p>\n\n\n\n<figure class=\"wp-block-gallery has-nested-images columns-default is-cropped wp-block-gallery-3 is-layout-flex wp-block-gallery-is-layout-flex\">\n<figure class=\"wp-block-image size-large\"><img loading=\"lazy\" decoding=\"async\" width=\"560\" height=\"420\" data-id=\"35043\" src=\"https:\/\/vocesdelaregion.com\/wp-content\/uploads\/2026\/01\/Gol-Dayro.avif\" alt=\"\" class=\"wp-image-35043\" srcset=\"https:\/\/vocesdelaregion.com\/wp-content\/uploads\/2026\/01\/Gol-Dayro.avif 560w, https:\/\/vocesdelaregion.com\/wp-content\/uploads\/2026\/01\/Gol-Dayro-300x225.avif 300w, https:\/\/vocesdelaregion.com\/wp-content\/uploads\/2026\/01\/Gol-Dayro-136x102.avif 136w\" sizes=\"(max-width: 560px) 100vw, 560px\" \/><\/figure>\n<\/figure>\n\n\n\n<p><strong>Victoria justa<\/strong>, por f\u00fatbol, por actitud y por superioridad en todas las l\u00edneas.<br>Adem\u00e1s, pasaron <strong>10 a\u00f1os y 9 meses<\/strong> para que Once Caldas volviera a ganar en C\u00facuta. La \u00faltima vez hab\u00eda sido el <strong>19 de abril de 2015<\/strong>, tambi\u00e9n 2-1.<\/p>\n\n\n\n<p>Esto dijo el goleador, Dayro Moreno<\/p>\n\n\n\n<figure class=\"wp-block-audio\"><audio controls src=\"https:\/\/vocesdelaregion.com\/wp-content\/uploads\/2026\/01\/Dayro-vs-Cucuta-online-audio-converter.com_.mp3\" autoplay><\/audio><\/figure>\n","protected":false},"excerpt":{"rendered":"<p>En el estadio General Santander y ante unas 12 mil personas, el Blanco Blanco venci\u00f3 2-1 al C\u00facuta Deportivo, reci\u00e9n ascendido, en un partido que empez\u00f3 cuesta arriba pero termin\u00f3 siendo un premio al esfuerzo. El local sali\u00f3 a arrollar y en los primeros minutos lleg\u00f3 la pol\u00e9mica: un penal dudoso, sancionado por el \u00e1rbitro [&hellip;]<\/p>\n","protected":false},"author":1,"featured_media":35046,"comment_status":"closed","ping_status":"closed","sticky":false,"template":"","format":"standard","meta":{"om_disable_all_campaigns":false,"_monsterinsights_skip_tracking":false,"_monsterinsights_sitenote_active":false,"_monsterinsights_sitenote_note":"","_monsterinsights_sitenote_category":0,"_uf_show_specific_survey":0,"_uf_disable_surveys":false,"footnotes":""},"categories":[57],"tags":[],"class_list":["post-35039","post","type-post","status-publish","format-standard","has-post-thumbnail","hentry","category-deportes"],"aioseo_notices":[],"blog_post_layout_featured_media_urls":{"thumbnail":["https:\/\/vocesdelaregion.com\/wp-content\/uploads\/2026\/01\/618632306_18560752279019050_2934647572454045325_n-150x150.jpg",150,150,true],"full":["https:\/\/vocesdelaregion.com\/wp-content\/uploads\/2026\/01\/618632306_18560752279019050_2934647572454045325_n.jpg",512,640,false]},"categories_names":{"57":{"name":"Deportes","link":"https:\/\/vocesdelaregion.com\/index.php\/category\/deportes\/"}},"tags_names":[],"comments_number":"0","wpmagazine_modules_lite_featured_media_urls":{"thumbnail":["https:\/\/vocesdelaregion.com\/wp-content\/uploads\/2026\/01\/618632306_18560752279019050_2934647572454045325_n-150x150.jpg",150,150,true],"cvmm-medium":["https:\/\/vocesdelaregion.com\/wp-content\/uploads\/2026\/01\/618632306_18560752279019050_2934647572454045325_n-300x300.jpg",300,300,true],"cvmm-medium-plus":["https:\/\/vocesdelaregion.com\/wp-content\/uploads\/2026\/01\/618632306_18560752279019050_2934647572454045325_n-305x207.jpg",305,207,true],"cvmm-portrait":["https:\/\/vocesdelaregion.com\/wp-content\/uploads\/2026\/01\/618632306_18560752279019050_2934647572454045325_n-400x600.jpg",400,600,true],"cvmm-medium-square":["https:\/\/vocesdelaregion.com\/wp-content\/uploads\/2026\/01\/618632306_18560752279019050_2934647572454045325_n-512x600.jpg",512,600,true],"cvmm-large":["https:\/\/vocesdelaregion.com\/wp-content\/uploads\/2026\/01\/618632306_18560752279019050_2934647572454045325_n.jpg",512,640,false],"cvmm-small":["https:\/\/vocesdelaregion.com\/wp-content\/uploads\/2026\/01\/618632306_18560752279019050_2934647572454045325_n-130x95.jpg",130,95,true],"full":["https:\/\/vocesdelaregion.com\/wp-content\/uploads\/2026\/01\/618632306_18560752279019050_2934647572454045325_n.jpg",512,640,false]},"_links":{"self":[{"href":"https:\/\/vocesdelaregion.com\/index.php\/wp-json\/wp\/v2\/posts\/35039","targetHints":{"allow":["GET"]}}],"collection":[{"href":"https:\/\/vocesdelaregion.com\/index.php\/wp-json\/wp\/v2\/posts"}],"about":[{"href":"https:\/\/vocesdelaregion.com\/index.php\/wp-json\/wp\/v2\/types\/post"}],"author":[{"embeddable":true,"href":"https:\/\/vocesdelaregion.com\/index.php\/wp-json\/wp\/v2\/users\/1"}],"replies":[{"embeddable":true,"href":"https:\/\/vocesdelaregion.com\/index.php\/wp-json\/wp\/v2\/comments?post=35039"}],"version-history":[{"count":1,"href":"https:\/\/vocesdelaregion.com\/index.php\/wp-json\/wp\/v2\/posts\/35039\/revisions"}],"predecessor-version":[{"id":35047,"href":"https:\/\/vocesdelaregion.com\/index.php\/wp-json\/wp\/v2\/posts\/35039\/revisions\/35047"}],"wp:featuredmedia":[{"embeddable":true,"href":"https:\/\/vocesdelaregion.com\/index.php\/wp-json\/wp\/v2\/media\/35046"}],"wp:attachment":[{"href":"https:\/\/vocesdelaregion.com\/index.php\/wp-json\/wp\/v2\/media?parent=35039"}],"wp:term":[{"taxonomy":"category","embeddable":true,"href":"https:\/\/vocesdelaregion.com\/index.php\/wp-json\/wp\/v2\/categories?post=35039"},{"taxonomy":"post_tag","embeddable":true,"href":"https:\/\/vocesdelaregion.com\/index.php\/wp-json\/wp\/v2\/tags?post=35039"}],"curies":[{"name":"wp","href":"https:\/\/api.w.org\/{rel}","templated":true}]}}