{"id":34981,"date":"2025-12-02T11:22:51","date_gmt":"2025-12-02T16:22:51","guid":{"rendered":"https:\/\/vocesdelaregion.com\/?p=34981"},"modified":"2025-12-12T11:29:16","modified_gmt":"2025-12-12T16:29:16","slug":"un-llamado-por-la-salud-y-el-ambiente-no-a-la-polvora","status":"publish","type":"post","link":"https:\/\/vocesdelaregion.com\/index.php\/2025\/12\/02\/un-llamado-por-la-salud-y-el-ambiente-no-a-la-polvora\/","title":{"rendered":"Un llamado por la salud y el ambiente: no a la p\u00f3lvora"},"content":{"rendered":"\n<ul class=\"wp-block-list\">\n<li><strong><em>Manizales hace un llamado a vivir una Navidad sin p\u00f3lvora para proteger la vida humana y animal.<\/em><\/strong><\/li>\n\n\n\n<li><strong><em>La Secretar\u00eda de Medio Ambiente advierte sobre las consecuencias del ruido en mascotas y fauna silvestre; invitaci\u00f3n a reportar a la L\u00ednea 123 opci\u00f3n 5 cualquier animal en riesgo o afectado.<\/em><\/strong><\/li>\n<\/ul>\n\n\n\n<p>La Secretar\u00eda de Medio Ambiente de Manizales reiter\u00f3 el llamado a la comunidad para abstenerse del uso de p\u00f3lvora durante las temporadas de navidad y fin de a\u00f1o, pr\u00e1ctica que -est\u00e1 prohibida- y que a\u00f1o tras a\u00f1o deja consecuencias dolorosas para las personas, los animales dom\u00e9sticos, la fauna silvestre y el entorno natural.<\/p>\n\n\n\n\n\n<p>La secretaria de Medio Ambiente, Jessica Silvana Quiroz Hern\u00e1ndez, enfatiz\u00f3 en la prevenci\u00f3n de emergencias y evitar tragedias que pueden marcar para siempre a familias y comunidades.&nbsp;<strong><em>\u201cNo queremos lamentar ninguna muerte. La p\u00f3lvora no es un juego; afecta a seres humanos, pero tambi\u00e9n causa da\u00f1os irreparables a nuestros animales\u201d<\/em><\/strong>, se\u00f1al\u00f3.<\/p>\n\n\n\n<p>La entidad record\u00f3 que los efectos de la p\u00f3lvora en los animales son graves y, muchas veces, invisibles. En los perros y gatos, el ruido puede generar p\u00e1nico extremo, desorientaci\u00f3n, huidas, accidentes de tr\u00e1nsito, p\u00e9rdida, taquicardia e incluso paros card\u00edacos. En la fauna silvestre, las explosiones alteran sus ciclos naturales, provocan abandono de nidos, choques contra estructuras, estr\u00e9s severo y desplazamientos forzados que ponen en riesgo su supervivencia.<\/p>\n\n\n\n<figure class=\"wp-block-embed is-type-video is-provider-youtube wp-block-embed-youtube wp-embed-aspect-16-9 wp-has-aspect-ratio\"><div class=\"wp-block-embed__wrapper\">\n<iframe title=\"La secretaria de Medio Ambiente de Manizales, Jessica Silvana Quiroz Hern\u00e1ndez\" width=\"640\" height=\"360\" src=\"https:\/\/www.youtube.com\/embed\/-7U1Z9Mv0y4?feature=oembed\" frameborder=\"0\" allow=\"accelerometer; autoplay; clipboard-write; encrypted-media; gyroscope; picture-in-picture; web-share\" referrerpolicy=\"strict-origin-when-cross-origin\" allowfullscreen><\/iframe>\n<\/div><figcaption class=\"wp-element-caption\"><strong><em>Video: con la secretaria de Medio Ambiente de Manizales, Jessica Silvana Quiroz Hern\u00e1ndez<\/em><\/strong><br><\/figcaption><\/figure>\n\n\n\n<p><strong><em>\u201cLas celebraciones con p\u00f3lvora no solo lastiman a quienes amamos, sino tambi\u00e9n a la vida que nos rodea. La Navidad puede y debe vivirse sin miedo, sin heridas y sin da\u00f1os a nuestros animales\u201d<\/em><\/strong>, agreg\u00f3 la secretaria.<\/p>\n\n\n\n<p>La dependencia invit\u00f3 a la ciudadan\u00eda a reportar situaciones de animales en condici\u00f3n de calle que resulten afectados por p\u00f3lvora o que requieran atenci\u00f3n. Para ello, se encuentra habilitada la L\u00ednea 123, opci\u00f3n 5, donde el equipo de la Secretar\u00eda responder\u00e1 y brindar\u00e1 acompa\u00f1amiento oportuno a estos casos.<\/p>\n","protected":false},"excerpt":{"rendered":"<p>La Secretar\u00eda de Medio Ambiente de Manizales reiter\u00f3 el llamado a la comunidad para abstenerse del uso de p\u00f3lvora durante las temporadas de navidad y fin de a\u00f1o, pr\u00e1ctica que -est\u00e1 prohibida- y que a\u00f1o tras a\u00f1o deja consecuencias dolorosas para las personas, los animales dom\u00e9sticos, la fauna silvestre y el entorno natural. La secretaria [&hellip;]<\/p>\n","protected":false},"author":1,"featured_media":34982,"comment_status":"closed","ping_status":"closed","sticky":false,"template":"","format":"standard","meta":{"om_disable_all_campaigns":false,"_monsterinsights_skip_tracking":false,"_monsterinsights_sitenote_active":false,"_monsterinsights_sitenote_note":"","_monsterinsights_sitenote_category":0,"_uf_show_specific_survey":0,"_uf_disable_surveys":false,"footnotes":""},"categories":[355,58],"tags":[],"class_list":["post-34981","post","type-post","status-publish","format-standard","has-post-thumbnail","hentry","category-alcaldia-de-manizales","category-alcaldias"],"aioseo_notices":[],"blog_post_layout_featured_media_urls":{"thumbnail":["https:\/\/vocesdelaregion.com\/wp-content\/uploads\/2025\/12\/WhatsApp-Image-2025-12-01-at-10.39.53-AM-150x150.jpeg",150,150,true],"full":["https:\/\/vocesdelaregion.com\/wp-content\/uploads\/2025\/12\/WhatsApp-Image-2025-12-01-at-10.39.53-AM.jpeg",1280,854,false]},"categories_names":{"355":{"name":"Alcald\u00eda de Manizales","link":"https:\/\/vocesdelaregion.com\/index.php\/category\/alcaldias\/alcaldia-de-manizales\/"},"58":{"name":"Alcald\u00edas","link":"https:\/\/vocesdelaregion.com\/index.php\/category\/alcaldias\/"}},"tags_names":[],"comments_number":"0","wpmagazine_modules_lite_featured_media_urls":{"thumbnail":["https:\/\/vocesdelaregion.com\/wp-content\/uploads\/2025\/12\/WhatsApp-Image-2025-12-01-at-10.39.53-AM-150x150.jpeg",150,150,true],"cvmm-medium":["https:\/\/vocesdelaregion.com\/wp-content\/uploads\/2025\/12\/WhatsApp-Image-2025-12-01-at-10.39.53-AM-300x300.jpeg",300,300,true],"cvmm-medium-plus":["https:\/\/vocesdelaregion.com\/wp-content\/uploads\/2025\/12\/WhatsApp-Image-2025-12-01-at-10.39.53-AM-305x207.jpeg",305,207,true],"cvmm-portrait":["https:\/\/vocesdelaregion.com\/wp-content\/uploads\/2025\/12\/WhatsApp-Image-2025-12-01-at-10.39.53-AM-400x600.jpeg",400,600,true],"cvmm-medium-square":["https:\/\/vocesdelaregion.com\/wp-content\/uploads\/2025\/12\/WhatsApp-Image-2025-12-01-at-10.39.53-AM-600x600.jpeg",600,600,true],"cvmm-large":["https:\/\/vocesdelaregion.com\/wp-content\/uploads\/2025\/12\/WhatsApp-Image-2025-12-01-at-10.39.53-AM-1024x854.jpeg",1024,854,true],"cvmm-small":["https:\/\/vocesdelaregion.com\/wp-content\/uploads\/2025\/12\/WhatsApp-Image-2025-12-01-at-10.39.53-AM-130x95.jpeg",130,95,true],"full":["https:\/\/vocesdelaregion.com\/wp-content\/uploads\/2025\/12\/WhatsApp-Image-2025-12-01-at-10.39.53-AM.jpeg",1280,854,false]},"_links":{"self":[{"href":"https:\/\/vocesdelaregion.com\/index.php\/wp-json\/wp\/v2\/posts\/34981","targetHints":{"allow":["GET"]}}],"collection":[{"href":"https:\/\/vocesdelaregion.com\/index.php\/wp-json\/wp\/v2\/posts"}],"about":[{"href":"https:\/\/vocesdelaregion.com\/index.php\/wp-json\/wp\/v2\/types\/post"}],"author":[{"embeddable":true,"href":"https:\/\/vocesdelaregion.com\/index.php\/wp-json\/wp\/v2\/users\/1"}],"replies":[{"embeddable":true,"href":"https:\/\/vocesdelaregion.com\/index.php\/wp-json\/wp\/v2\/comments?post=34981"}],"version-history":[{"count":2,"href":"https:\/\/vocesdelaregion.com\/index.php\/wp-json\/wp\/v2\/posts\/34981\/revisions"}],"predecessor-version":[{"id":34986,"href":"https:\/\/vocesdelaregion.com\/index.php\/wp-json\/wp\/v2\/posts\/34981\/revisions\/34986"}],"wp:featuredmedia":[{"embeddable":true,"href":"https:\/\/vocesdelaregion.com\/index.php\/wp-json\/wp\/v2\/media\/34982"}],"wp:attachment":[{"href":"https:\/\/vocesdelaregion.com\/index.php\/wp-json\/wp\/v2\/media?parent=34981"}],"wp:term":[{"taxonomy":"category","embeddable":true,"href":"https:\/\/vocesdelaregion.com\/index.php\/wp-json\/wp\/v2\/categories?post=34981"},{"taxonomy":"post_tag","embeddable":true,"href":"https:\/\/vocesdelaregion.com\/index.php\/wp-json\/wp\/v2\/tags?post=34981"}],"curies":[{"name":"wp","href":"https:\/\/api.w.org\/{rel}","templated":true}]}}