{"id":34974,"date":"2025-12-02T11:10:24","date_gmt":"2025-12-02T16:10:24","guid":{"rendered":"https:\/\/vocesdelaregion.com\/?p=34974"},"modified":"2025-12-11T11:11:56","modified_gmt":"2025-12-11T16:11:56","slug":"secretaria-de-salud-refuerza-el-llamado-a-la-afiliacion-correcta-durante-empleos-decembrinos","status":"publish","type":"post","link":"https:\/\/vocesdelaregion.com\/index.php\/2025\/12\/02\/secretaria-de-salud-refuerza-el-llamado-a-la-afiliacion-correcta-durante-empleos-decembrinos\/","title":{"rendered":"Secretar\u00eda de Salud refuerza el llamado a la afiliaci\u00f3n correcta durante empleos decembrinos"},"content":{"rendered":"\n<ul class=\"wp-block-list\">\n<li><em><strong>Durante la temporada decembrina aumentan los empleos temporales, por lo que la Secretar\u00eda de Salud P\u00fablica recuerda a los empleadores la obligaci\u00f3n de garantizar la correcta afiliaci\u00f3n al Sistema de Seguridad Social.<\/strong><\/em><\/li>\n\n\n\n<li><em><strong>Las personas que pasen de r\u00e9gimen subsidiado a un empleo temporal deben activar el mecanismo de movilidad en su EPS para mantener la continuidad en la atenci\u00f3n en salud.<\/strong><\/em><\/li>\n<\/ul>\n\n\n\n<p>Con el inicio de la temporada navide\u00f1a aumentan los empleos temporales en la ciudad, por lo que la Secretar\u00eda de Salud P\u00fablica hace un llamado a todos los empleadores para garantizar procesos de vinculaci\u00f3n responsables y ajustados a la Ley. La entidad recuerda que la afiliaci\u00f3n y el pago oportuno de aportes al Sistema de Seguridad Social en Salud es una obligaci\u00f3n legal y, una medida que protege el bienestar de los trabajadores y la estabilidad de las empresas.<\/p>\n\n\n\n<p>La Administraci\u00f3n Municipal insiste en la necesidad de asegurar a todos los colaboradores al r\u00e9gimen contributivo, as\u00ed como afiliarlos al sistema de riesgos laborales y al fondo de pensiones. De igual manera, recuerda la importancia de gestionar la inclusi\u00f3n del grupo familiar como beneficiarios cuando corresponda. Estas acciones fortalecen la cultura de la protecci\u00f3n social, previenen sanciones y contribuyen a una ciudad m\u00e1s justa y formalizada.<\/p>\n\n\n\n<p>La Secretar\u00eda tambi\u00e9n informa que, cuando una persona afiliada al r\u00e9gimen subsidiado obtiene un empleo temporal propio de esta temporada, debe activar el mecanismo de movilidad en su EPS. Este tr\u00e1mite le permite permanecer en la misma entidad promotora de salud, pero pasar temporalmente al r\u00e9gimen contributivo mediante la suscripci\u00f3n del formulario correspondiente. As\u00ed se garantiza continuidad en la atenci\u00f3n, se evitan interrupciones en la cobertura y se mantiene la protecci\u00f3n del usuario.<\/p>\n\n\n\n<p><strong>Una vez finalizado el empleo temporal, si la persona no cuenta con ingresos para continuar cotizando, puede solicitar en su EPS el retorno al r\u00e9gimen subsidiado sin afectar la prestaci\u00f3n de los servicios de salud.<\/strong><\/p>\n\n\n\n<p>La Secretar\u00eda de Salud P\u00fablica reitera a los empleadores la importancia de evitar pr\u00e1cticas como la evasi\u00f3n y la elusi\u00f3n, que generan sanciones y afectan la sostenibilidad del Sistema de Protecci\u00f3n Social. Actuar con responsabilidad fortalece los derechos laborales, promueve la formalizaci\u00f3n y protege la salud de todos los manizale\u00f1os.<\/p>\n\n\n\n<p>La cultura de la seguridad social es una apuesta por el bienestar colectivo, impulsa el progreso de la ciudad y genera un impacto positivo en el Sistema General de Seguridad Social en Salud.<\/p>\n","protected":false},"excerpt":{"rendered":"<p>Con el inicio de la temporada navide\u00f1a aumentan los empleos temporales en la ciudad, por lo que la Secretar\u00eda de Salud P\u00fablica hace un llamado a todos los empleadores para garantizar procesos de vinculaci\u00f3n responsables y ajustados a la Ley. La entidad recuerda que la afiliaci\u00f3n y el pago oportuno de aportes al Sistema de [&hellip;]<\/p>\n","protected":false},"author":1,"featured_media":34975,"comment_status":"closed","ping_status":"closed","sticky":false,"template":"","format":"standard","meta":{"om_disable_all_campaigns":false,"_monsterinsights_skip_tracking":false,"_monsterinsights_sitenote_active":false,"_monsterinsights_sitenote_note":"","_monsterinsights_sitenote_category":0,"_uf_show_specific_survey":0,"_uf_disable_surveys":false,"footnotes":""},"categories":[355,58],"tags":[],"class_list":["post-34974","post","type-post","status-publish","format-standard","has-post-thumbnail","hentry","category-alcaldia-de-manizales","category-alcaldias"],"aioseo_notices":[],"blog_post_layout_featured_media_urls":{"thumbnail":["https:\/\/vocesdelaregion.com\/wp-content\/uploads\/2025\/12\/WhatsApp-Image-2025-12-02-at-10.25.28-AM-150x150.jpeg",150,150,true],"full":["https:\/\/vocesdelaregion.com\/wp-content\/uploads\/2025\/12\/WhatsApp-Image-2025-12-02-at-10.25.28-AM.jpeg",1280,854,false]},"categories_names":{"355":{"name":"Alcald\u00eda de Manizales","link":"https:\/\/vocesdelaregion.com\/index.php\/category\/alcaldias\/alcaldia-de-manizales\/"},"58":{"name":"Alcald\u00edas","link":"https:\/\/vocesdelaregion.com\/index.php\/category\/alcaldias\/"}},"tags_names":[],"comments_number":"0","wpmagazine_modules_lite_featured_media_urls":{"thumbnail":["https:\/\/vocesdelaregion.com\/wp-content\/uploads\/2025\/12\/WhatsApp-Image-2025-12-02-at-10.25.28-AM-150x150.jpeg",150,150,true],"cvmm-medium":["https:\/\/vocesdelaregion.com\/wp-content\/uploads\/2025\/12\/WhatsApp-Image-2025-12-02-at-10.25.28-AM-300x300.jpeg",300,300,true],"cvmm-medium-plus":["https:\/\/vocesdelaregion.com\/wp-content\/uploads\/2025\/12\/WhatsApp-Image-2025-12-02-at-10.25.28-AM-305x207.jpeg",305,207,true],"cvmm-portrait":["https:\/\/vocesdelaregion.com\/wp-content\/uploads\/2025\/12\/WhatsApp-Image-2025-12-02-at-10.25.28-AM-400x600.jpeg",400,600,true],"cvmm-medium-square":["https:\/\/vocesdelaregion.com\/wp-content\/uploads\/2025\/12\/WhatsApp-Image-2025-12-02-at-10.25.28-AM-600x600.jpeg",600,600,true],"cvmm-large":["https:\/\/vocesdelaregion.com\/wp-content\/uploads\/2025\/12\/WhatsApp-Image-2025-12-02-at-10.25.28-AM-1024x854.jpeg",1024,854,true],"cvmm-small":["https:\/\/vocesdelaregion.com\/wp-content\/uploads\/2025\/12\/WhatsApp-Image-2025-12-02-at-10.25.28-AM-130x95.jpeg",130,95,true],"full":["https:\/\/vocesdelaregion.com\/wp-content\/uploads\/2025\/12\/WhatsApp-Image-2025-12-02-at-10.25.28-AM.jpeg",1280,854,false]},"_links":{"self":[{"href":"https:\/\/vocesdelaregion.com\/index.php\/wp-json\/wp\/v2\/posts\/34974","targetHints":{"allow":["GET"]}}],"collection":[{"href":"https:\/\/vocesdelaregion.com\/index.php\/wp-json\/wp\/v2\/posts"}],"about":[{"href":"https:\/\/vocesdelaregion.com\/index.php\/wp-json\/wp\/v2\/types\/post"}],"author":[{"embeddable":true,"href":"https:\/\/vocesdelaregion.com\/index.php\/wp-json\/wp\/v2\/users\/1"}],"replies":[{"embeddable":true,"href":"https:\/\/vocesdelaregion.com\/index.php\/wp-json\/wp\/v2\/comments?post=34974"}],"version-history":[{"count":1,"href":"https:\/\/vocesdelaregion.com\/index.php\/wp-json\/wp\/v2\/posts\/34974\/revisions"}],"predecessor-version":[{"id":34976,"href":"https:\/\/vocesdelaregion.com\/index.php\/wp-json\/wp\/v2\/posts\/34974\/revisions\/34976"}],"wp:featuredmedia":[{"embeddable":true,"href":"https:\/\/vocesdelaregion.com\/index.php\/wp-json\/wp\/v2\/media\/34975"}],"wp:attachment":[{"href":"https:\/\/vocesdelaregion.com\/index.php\/wp-json\/wp\/v2\/media?parent=34974"}],"wp:term":[{"taxonomy":"category","embeddable":true,"href":"https:\/\/vocesdelaregion.com\/index.php\/wp-json\/wp\/v2\/categories?post=34974"},{"taxonomy":"post_tag","embeddable":true,"href":"https:\/\/vocesdelaregion.com\/index.php\/wp-json\/wp\/v2\/tags?post=34974"}],"curies":[{"name":"wp","href":"https:\/\/api.w.org\/{rel}","templated":true}]}}