{"id":34958,"date":"2025-11-27T16:53:00","date_gmt":"2025-11-27T21:53:00","guid":{"rendered":"https:\/\/vocesdelaregion.com\/?p=34958"},"modified":"2025-12-03T16:59:58","modified_gmt":"2025-12-03T21:59:58","slug":"exito-en-el-programa-mujer-rural-beneficio-para-35-emprendedoras-del-campo","status":"publish","type":"post","link":"https:\/\/vocesdelaregion.com\/index.php\/2025\/11\/27\/exito-en-el-programa-mujer-rural-beneficio-para-35-emprendedoras-del-campo\/","title":{"rendered":"\u00c9xito en el programa \u2018Mujer Rural\u2019: beneficio para 35 emprendedoras del campo"},"content":{"rendered":"\n<ul class=\"wp-block-list\">\n<li><strong><em>Las Secretar\u00edas de Agricultura y de las Mujeres y Equidad de G\u00e9nero y, el Comit\u00e9 de Cafeteros realizaron el cierre del programa \u2018Mujer Rural\u2019, iniciativa que mejor\u00f3 los proyectos productivos de 35 mujeres de la zona rural de Manizales, durante tres meses.<\/em><\/strong><\/li>\n\n\n\n<li><strong><em>El proceso incluy\u00f3 asesor\u00edas t\u00e9cnicas, visitas especializadas y la entrega de un bono de dos millones de pesos para cada participante; finaliz\u00f3 con un almuerzo de integraci\u00f3n entre las mujeres beneficiarias.<\/em><\/strong><\/li>\n<\/ul>\n\n\n\n<p>La Administraci\u00f3n Municipal de Manizales, a trav\u00e9s de la Secretar\u00edas de Agricultura y de las Mujeres y Equidad de G\u00e9nero, en articulaci\u00f3n con el Comit\u00e9 de Cafeteros, realiz\u00f3 el cierre del programa&nbsp;<strong>\u2018Mujer Rural\u2019<\/strong>, estrategia que benefici\u00f3 a 35 mujeres emprendedoras de la zona rural. La condici\u00f3n para participar fue contar con un emprendimiento o proyecto productivo.<\/p>\n\n\n\n<p>Durante el proceso las participantes recibieron acompa\u00f1amiento t\u00e9cnico en el Comit\u00e9 de Cafeteros, asesor\u00edas para el fortalecimiento de sus negocios y visitas especializadas por parte del equipo profesional.<\/p>\n\n\n\n<figure class=\"wp-block-gallery has-nested-images columns-default is-cropped wp-block-gallery-1 is-layout-flex wp-block-gallery-is-layout-flex\">\n<figure class=\"wp-block-image size-large\"><img fetchpriority=\"high\" decoding=\"async\" width=\"1024\" height=\"683\" data-id=\"34960\" src=\"https:\/\/vocesdelaregion.com\/wp-content\/uploads\/2025\/12\/Imagen-de-WhatsApp-2025-11-26-a-las-12.33.46_499cf087-1024x683.jpg\" alt=\"\" class=\"wp-image-34960\" srcset=\"https:\/\/vocesdelaregion.com\/wp-content\/uploads\/2025\/12\/Imagen-de-WhatsApp-2025-11-26-a-las-12.33.46_499cf087-1024x683.jpg 1024w, https:\/\/vocesdelaregion.com\/wp-content\/uploads\/2025\/12\/Imagen-de-WhatsApp-2025-11-26-a-las-12.33.46_499cf087-300x200.jpg 300w, https:\/\/vocesdelaregion.com\/wp-content\/uploads\/2025\/12\/Imagen-de-WhatsApp-2025-11-26-a-las-12.33.46_499cf087-768x512.jpg 768w, https:\/\/vocesdelaregion.com\/wp-content\/uploads\/2025\/12\/Imagen-de-WhatsApp-2025-11-26-a-las-12.33.46_499cf087-600x400.jpg 600w, https:\/\/vocesdelaregion.com\/wp-content\/uploads\/2025\/12\/Imagen-de-WhatsApp-2025-11-26-a-las-12.33.46_499cf087.jpg 1280w\" sizes=\"(max-width: 1024px) 100vw, 1024px\" \/><\/figure>\n\n\n\n<figure class=\"wp-block-image size-large\"><img decoding=\"async\" width=\"1024\" height=\"683\" data-id=\"34961\" src=\"https:\/\/vocesdelaregion.com\/wp-content\/uploads\/2025\/12\/Imagen-de-WhatsApp-2025-11-26-a-las-12.33.46_56d9e349-1024x683.jpg\" alt=\"\" class=\"wp-image-34961\" srcset=\"https:\/\/vocesdelaregion.com\/wp-content\/uploads\/2025\/12\/Imagen-de-WhatsApp-2025-11-26-a-las-12.33.46_56d9e349-1024x683.jpg 1024w, https:\/\/vocesdelaregion.com\/wp-content\/uploads\/2025\/12\/Imagen-de-WhatsApp-2025-11-26-a-las-12.33.46_56d9e349-300x200.jpg 300w, https:\/\/vocesdelaregion.com\/wp-content\/uploads\/2025\/12\/Imagen-de-WhatsApp-2025-11-26-a-las-12.33.46_56d9e349-768x512.jpg 768w, https:\/\/vocesdelaregion.com\/wp-content\/uploads\/2025\/12\/Imagen-de-WhatsApp-2025-11-26-a-las-12.33.46_56d9e349-600x400.jpg 600w, https:\/\/vocesdelaregion.com\/wp-content\/uploads\/2025\/12\/Imagen-de-WhatsApp-2025-11-26-a-las-12.33.46_56d9e349.jpg 1280w\" sizes=\"(max-width: 1024px) 100vw, 1024px\" \/><\/figure>\n\n\n\n<figure class=\"wp-block-image size-large\"><img decoding=\"async\" width=\"1024\" height=\"683\" data-id=\"34959\" src=\"https:\/\/vocesdelaregion.com\/wp-content\/uploads\/2025\/12\/Imagen-de-WhatsApp-2025-11-26-a-las-12.33.49_eb8aa02b-1024x683.jpg\" alt=\"\" class=\"wp-image-34959\" srcset=\"https:\/\/vocesdelaregion.com\/wp-content\/uploads\/2025\/12\/Imagen-de-WhatsApp-2025-11-26-a-las-12.33.49_eb8aa02b-1024x683.jpg 1024w, https:\/\/vocesdelaregion.com\/wp-content\/uploads\/2025\/12\/Imagen-de-WhatsApp-2025-11-26-a-las-12.33.49_eb8aa02b-300x200.jpg 300w, https:\/\/vocesdelaregion.com\/wp-content\/uploads\/2025\/12\/Imagen-de-WhatsApp-2025-11-26-a-las-12.33.49_eb8aa02b-768x512.jpg 768w, https:\/\/vocesdelaregion.com\/wp-content\/uploads\/2025\/12\/Imagen-de-WhatsApp-2025-11-26-a-las-12.33.49_eb8aa02b-600x400.jpg 600w, https:\/\/vocesdelaregion.com\/wp-content\/uploads\/2025\/12\/Imagen-de-WhatsApp-2025-11-26-a-las-12.33.49_eb8aa02b.jpg 1280w\" sizes=\"(max-width: 1024px) 100vw, 1024px\" \/><\/figure>\n\n\n\n<figure class=\"wp-block-image size-large\"><img loading=\"lazy\" decoding=\"async\" width=\"1024\" height=\"683\" data-id=\"34962\" src=\"https:\/\/vocesdelaregion.com\/wp-content\/uploads\/2025\/12\/Imagen-de-WhatsApp-2025-11-26-a-las-12.33.53_4262de67-1024x683.jpg\" alt=\"\" class=\"wp-image-34962\" srcset=\"https:\/\/vocesdelaregion.com\/wp-content\/uploads\/2025\/12\/Imagen-de-WhatsApp-2025-11-26-a-las-12.33.53_4262de67-1024x683.jpg 1024w, https:\/\/vocesdelaregion.com\/wp-content\/uploads\/2025\/12\/Imagen-de-WhatsApp-2025-11-26-a-las-12.33.53_4262de67-300x200.jpg 300w, https:\/\/vocesdelaregion.com\/wp-content\/uploads\/2025\/12\/Imagen-de-WhatsApp-2025-11-26-a-las-12.33.53_4262de67-768x512.jpg 768w, https:\/\/vocesdelaregion.com\/wp-content\/uploads\/2025\/12\/Imagen-de-WhatsApp-2025-11-26-a-las-12.33.53_4262de67-600x400.jpg 600w, https:\/\/vocesdelaregion.com\/wp-content\/uploads\/2025\/12\/Imagen-de-WhatsApp-2025-11-26-a-las-12.33.53_4262de67.jpg 1280w\" sizes=\"(max-width: 1024px) 100vw, 1024px\" \/><\/figure>\n<\/figure>\n\n\n\n<p>Como parte del cierre, cada una de las mujeres recibi\u00f3 un bono de 2 millones de pesos para invertir en sus iniciativas, que incluyen producci\u00f3n de especies menores, venta de productos del campo, transformaci\u00f3n de alimentos y proyectos tur\u00edsticos, entre otros. El encuentro de clausura del programa finaliz\u00f3 con un almuerzo de integraci\u00f3n, en el que las participantes compartieron sus aprendizajes y logros durante el programa.<\/p>\n\n\n\n<figure class=\"wp-block-gallery has-nested-images columns-default is-cropped wp-block-gallery-2 is-layout-flex wp-block-gallery-is-layout-flex\">\n<figure class=\"wp-block-image size-large\"><img loading=\"lazy\" decoding=\"async\" width=\"1024\" height=\"683\" data-id=\"34967\" src=\"https:\/\/vocesdelaregion.com\/wp-content\/uploads\/2025\/12\/Imagen-de-WhatsApp-2025-11-26-a-las-12.33.26_c94ca710-1024x683.jpg\" alt=\"\" class=\"wp-image-34967\" srcset=\"https:\/\/vocesdelaregion.com\/wp-content\/uploads\/2025\/12\/Imagen-de-WhatsApp-2025-11-26-a-las-12.33.26_c94ca710-1024x683.jpg 1024w, https:\/\/vocesdelaregion.com\/wp-content\/uploads\/2025\/12\/Imagen-de-WhatsApp-2025-11-26-a-las-12.33.26_c94ca710-300x200.jpg 300w, https:\/\/vocesdelaregion.com\/wp-content\/uploads\/2025\/12\/Imagen-de-WhatsApp-2025-11-26-a-las-12.33.26_c94ca710-768x512.jpg 768w, https:\/\/vocesdelaregion.com\/wp-content\/uploads\/2025\/12\/Imagen-de-WhatsApp-2025-11-26-a-las-12.33.26_c94ca710-600x400.jpg 600w, https:\/\/vocesdelaregion.com\/wp-content\/uploads\/2025\/12\/Imagen-de-WhatsApp-2025-11-26-a-las-12.33.26_c94ca710.jpg 1280w\" sizes=\"(max-width: 1024px) 100vw, 1024px\" \/><\/figure>\n\n\n\n<figure class=\"wp-block-image size-large\"><img loading=\"lazy\" decoding=\"async\" width=\"1024\" height=\"683\" data-id=\"34965\" src=\"https:\/\/vocesdelaregion.com\/wp-content\/uploads\/2025\/12\/Imagen-de-WhatsApp-2025-11-26-a-las-12.33.27_f52d6bf1-1024x683.jpg\" alt=\"\" class=\"wp-image-34965\" srcset=\"https:\/\/vocesdelaregion.com\/wp-content\/uploads\/2025\/12\/Imagen-de-WhatsApp-2025-11-26-a-las-12.33.27_f52d6bf1-1024x683.jpg 1024w, https:\/\/vocesdelaregion.com\/wp-content\/uploads\/2025\/12\/Imagen-de-WhatsApp-2025-11-26-a-las-12.33.27_f52d6bf1-300x200.jpg 300w, https:\/\/vocesdelaregion.com\/wp-content\/uploads\/2025\/12\/Imagen-de-WhatsApp-2025-11-26-a-las-12.33.27_f52d6bf1-768x512.jpg 768w, https:\/\/vocesdelaregion.com\/wp-content\/uploads\/2025\/12\/Imagen-de-WhatsApp-2025-11-26-a-las-12.33.27_f52d6bf1-600x400.jpg 600w, https:\/\/vocesdelaregion.com\/wp-content\/uploads\/2025\/12\/Imagen-de-WhatsApp-2025-11-26-a-las-12.33.27_f52d6bf1.jpg 1280w\" sizes=\"(max-width: 1024px) 100vw, 1024px\" \/><\/figure>\n\n\n\n<figure class=\"wp-block-image size-large\"><img loading=\"lazy\" decoding=\"async\" width=\"1024\" height=\"683\" data-id=\"34964\" src=\"https:\/\/vocesdelaregion.com\/wp-content\/uploads\/2025\/12\/Imagen-de-WhatsApp-2025-11-26-a-las-12.33.34_6cb114eb-1024x683.jpg\" alt=\"\" class=\"wp-image-34964\" srcset=\"https:\/\/vocesdelaregion.com\/wp-content\/uploads\/2025\/12\/Imagen-de-WhatsApp-2025-11-26-a-las-12.33.34_6cb114eb-1024x683.jpg 1024w, https:\/\/vocesdelaregion.com\/wp-content\/uploads\/2025\/12\/Imagen-de-WhatsApp-2025-11-26-a-las-12.33.34_6cb114eb-300x200.jpg 300w, https:\/\/vocesdelaregion.com\/wp-content\/uploads\/2025\/12\/Imagen-de-WhatsApp-2025-11-26-a-las-12.33.34_6cb114eb-768x512.jpg 768w, https:\/\/vocesdelaregion.com\/wp-content\/uploads\/2025\/12\/Imagen-de-WhatsApp-2025-11-26-a-las-12.33.34_6cb114eb-600x400.jpg 600w, https:\/\/vocesdelaregion.com\/wp-content\/uploads\/2025\/12\/Imagen-de-WhatsApp-2025-11-26-a-las-12.33.34_6cb114eb.jpg 1280w\" sizes=\"(max-width: 1024px) 100vw, 1024px\" \/><\/figure>\n\n\n\n<figure class=\"wp-block-image size-large\"><img loading=\"lazy\" decoding=\"async\" width=\"1024\" height=\"683\" data-id=\"34966\" src=\"https:\/\/vocesdelaregion.com\/wp-content\/uploads\/2025\/12\/Imagen-de-WhatsApp-2025-11-26-a-las-12.33.41_c7280c3a-1-1024x683.jpg\" alt=\"\" class=\"wp-image-34966\" srcset=\"https:\/\/vocesdelaregion.com\/wp-content\/uploads\/2025\/12\/Imagen-de-WhatsApp-2025-11-26-a-las-12.33.41_c7280c3a-1-1024x683.jpg 1024w, https:\/\/vocesdelaregion.com\/wp-content\/uploads\/2025\/12\/Imagen-de-WhatsApp-2025-11-26-a-las-12.33.41_c7280c3a-1-300x200.jpg 300w, https:\/\/vocesdelaregion.com\/wp-content\/uploads\/2025\/12\/Imagen-de-WhatsApp-2025-11-26-a-las-12.33.41_c7280c3a-1-768x512.jpg 768w, https:\/\/vocesdelaregion.com\/wp-content\/uploads\/2025\/12\/Imagen-de-WhatsApp-2025-11-26-a-las-12.33.41_c7280c3a-1-600x400.jpg 600w, https:\/\/vocesdelaregion.com\/wp-content\/uploads\/2025\/12\/Imagen-de-WhatsApp-2025-11-26-a-las-12.33.41_c7280c3a-1.jpg 1280w\" sizes=\"(max-width: 1024px) 100vw, 1024px\" \/><\/figure>\n<\/figure>\n\n\n\n<p>El secretario de Agricultura de Manizales, Luis Guillermo Quintero Estrada, destac\u00f3 el impacto del proceso:<br><strong><em>\u201cDesde el Recinto del Pensamiento, culminamos un convenio de mujer rural desde la Administraci\u00f3n Municipal en apoyo con el Comit\u00e9 Departamental de Cafeteros de Caldas. La Secretar\u00eda de Agricultura y la Secretar\u00eda de Mujer y Equidad de G\u00e9nero se han unido para poder beneficiar 35 mujeres cafeteras. Este es un convenio que tiene un valor de 85 millones de pesos, 70 millones de pesos de la Administraci\u00f3n Municipal y 15 millones de pesos del Comit\u00e9 Departamental de Cafeteros que administra recursos del Fondo Nacional del Caf\u00e9. Hoy estamos beneficiando mujeres rurales de todo tipo de emprendimientos, agr\u00edcolas, pecuarios, de alimentaci\u00f3n, de turismo. Estamos muy contentos y muy orgullosos de poder beneficiar a estas mujeres que son el pilar de nuestra sociedad\u201d<\/em><\/strong>.<\/p>\n\n\n\n<figure class=\"wp-block-embed is-type-video is-provider-youtube wp-block-embed-youtube wp-embed-aspect-16-9 wp-has-aspect-ratio\"><div class=\"wp-block-embed__wrapper\">\n<iframe title=\"Manizales cerr\u00f3 con \u00e9xito el programa Mujer Rural beneficiando a 35 emprendedoras del campo\" width=\"640\" height=\"360\" src=\"https:\/\/www.youtube.com\/embed\/sZugObOciVI?feature=oembed\" frameborder=\"0\" allow=\"accelerometer; autoplay; clipboard-write; encrypted-media; gyroscope; picture-in-picture; web-share\" referrerpolicy=\"strict-origin-when-cross-origin\" allowfullscreen><\/iframe>\n<\/div><figcaption class=\"wp-element-caption\"><strong>Video:\u00a0<em>con el\u00a0<\/em><\/strong><em><strong>secretario de Agricultura de Manizales, Luis Guillermo Quintero Estrada.<\/strong><\/em><\/figcaption><\/figure>\n\n\n\n<p>La secretaria de las Mujeres y Equidad de G\u00e9nero, Gladys Galeano Mart\u00ednez, resalt\u00f3 el liderazgo femenino y el valor de este acompa\u00f1amiento institucional:<br><strong><em>\u201cUstedes son la muestra fehaciente de que tiempo s\u00ed hay, tiempo s\u00ed hay. Y qu\u00e9 mejor que sea un tiempo para nosotras, lo que estamos haciendo. Hoy, este compromiso\u2026 Nosotros decimos en la Alcald\u00eda, cuando una entidad nos acompa\u00f1a en un proceso, decimos que es un operador, pero el Comit\u00e9 de Cafeteros no es un operador, el Comit\u00e9 de Cafeteros es un aliado. Y el aliado le gusta crecer, pero no opacando al otro ni par\u00e1ndose en el otro, creciendo juntos, y es lo que hace el Comit\u00e9 de Cafeteros con nosotros. Por eso, nuevamente decirles, el veinticinco de noviembre es un d\u00eda para reconocer, conmemorar, y qu\u00e9 mejor acompa\u00f1ando los procesos de ustedes. No olvidemos, chicas, donde una mujer est\u00e1 acompa\u00f1ada y una mujer est\u00e1 parada, y est\u00e1 bien, est\u00e1 bien su familia\u201d.<\/em><\/strong><\/p>\n\n\n\n<figure class=\"wp-block-embed is-type-video is-provider-youtube wp-block-embed-youtube wp-embed-aspect-16-9 wp-has-aspect-ratio\"><div class=\"wp-block-embed__wrapper\">\n<iframe title=\"Manizales cerr\u00f3 con \u00e9xito el programa Mujer Rural beneficiando a 35 emprendedoras del campo\" width=\"640\" height=\"360\" src=\"https:\/\/www.youtube.com\/embed\/aSmhdjNvL2s?feature=oembed\" frameborder=\"0\" allow=\"accelerometer; autoplay; clipboard-write; encrypted-media; gyroscope; picture-in-picture; web-share\" referrerpolicy=\"strict-origin-when-cross-origin\" allowfullscreen><\/iframe>\n<\/div><figcaption class=\"wp-element-caption\"><strong>Video:\u00a0<em>con la secretaria de las Mujeres y Equidad de G\u00e9nero, Gladys Galeano Mart\u00ednez.<\/em><\/strong><\/figcaption><\/figure>\n\n\n\n<p>Con el programa, la Alcald\u00eda de Manizales responde a la necesidad de mejorar las capacidades econ\u00f3micas de las mujeres rurales, promover la autonom\u00eda financiera y aportar al desarrollo de las veredas y de la ciudad a trav\u00e9s del impulso a sus iniciativas productivas. El proceso, desarrollado durante tres meses, sirvi\u00f3 para potenciar cada uno de los 35 proyectos productivos y, permitir\u00e1 que las participantes consoliden conocimientos, accedan a nuevas oportunidades y progresen en la construcci\u00f3n de su sostenibilidad econ\u00f3mica.<\/p>\n","protected":false},"excerpt":{"rendered":"<p>La Administraci\u00f3n Municipal de Manizales, a trav\u00e9s de la Secretar\u00edas de Agricultura y de las Mujeres y Equidad de G\u00e9nero, en articulaci\u00f3n con el Comit\u00e9 de Cafeteros, realiz\u00f3 el cierre del programa&nbsp;\u2018Mujer Rural\u2019, estrategia que benefici\u00f3 a 35 mujeres emprendedoras de la zona rural. La condici\u00f3n para participar fue contar con un emprendimiento o proyecto [&hellip;]<\/p>\n","protected":false},"author":1,"featured_media":34963,"comment_status":"closed","ping_status":"closed","sticky":false,"template":"","format":"standard","meta":{"om_disable_all_campaigns":false,"_monsterinsights_skip_tracking":false,"_monsterinsights_sitenote_active":false,"_monsterinsights_sitenote_note":"","_monsterinsights_sitenote_category":0,"_uf_show_specific_survey":0,"_uf_disable_surveys":false,"footnotes":""},"categories":[355,58],"tags":[],"class_list":["post-34958","post","type-post","status-publish","format-standard","has-post-thumbnail","hentry","category-alcaldia-de-manizales","category-alcaldias"],"aioseo_notices":[],"blog_post_layout_featured_media_urls":{"thumbnail":["https:\/\/vocesdelaregion.com\/wp-content\/uploads\/2025\/12\/Imagen-de-WhatsApp-2025-11-26-a-las-12.33.28_f6d3364c-150x150.jpg",150,150,true],"full":["https:\/\/vocesdelaregion.com\/wp-content\/uploads\/2025\/12\/Imagen-de-WhatsApp-2025-11-26-a-las-12.33.28_f6d3364c.jpg",1280,854,false]},"categories_names":{"355":{"name":"Alcald\u00eda de Manizales","link":"https:\/\/vocesdelaregion.com\/index.php\/category\/alcaldias\/alcaldia-de-manizales\/"},"58":{"name":"Alcald\u00edas","link":"https:\/\/vocesdelaregion.com\/index.php\/category\/alcaldias\/"}},"tags_names":[],"comments_number":"0","wpmagazine_modules_lite_featured_media_urls":{"thumbnail":["https:\/\/vocesdelaregion.com\/wp-content\/uploads\/2025\/12\/Imagen-de-WhatsApp-2025-11-26-a-las-12.33.28_f6d3364c-150x150.jpg",150,150,true],"cvmm-medium":["https:\/\/vocesdelaregion.com\/wp-content\/uploads\/2025\/12\/Imagen-de-WhatsApp-2025-11-26-a-las-12.33.28_f6d3364c-300x300.jpg",300,300,true],"cvmm-medium-plus":["https:\/\/vocesdelaregion.com\/wp-content\/uploads\/2025\/12\/Imagen-de-WhatsApp-2025-11-26-a-las-12.33.28_f6d3364c-305x207.jpg",305,207,true],"cvmm-portrait":["https:\/\/vocesdelaregion.com\/wp-content\/uploads\/2025\/12\/Imagen-de-WhatsApp-2025-11-26-a-las-12.33.28_f6d3364c-400x600.jpg",400,600,true],"cvmm-medium-square":["https:\/\/vocesdelaregion.com\/wp-content\/uploads\/2025\/12\/Imagen-de-WhatsApp-2025-11-26-a-las-12.33.28_f6d3364c-600x600.jpg",600,600,true],"cvmm-large":["https:\/\/vocesdelaregion.com\/wp-content\/uploads\/2025\/12\/Imagen-de-WhatsApp-2025-11-26-a-las-12.33.28_f6d3364c-1024x854.jpg",1024,854,true],"cvmm-small":["https:\/\/vocesdelaregion.com\/wp-content\/uploads\/2025\/12\/Imagen-de-WhatsApp-2025-11-26-a-las-12.33.28_f6d3364c-130x95.jpg",130,95,true],"full":["https:\/\/vocesdelaregion.com\/wp-content\/uploads\/2025\/12\/Imagen-de-WhatsApp-2025-11-26-a-las-12.33.28_f6d3364c.jpg",1280,854,false]},"_links":{"self":[{"href":"https:\/\/vocesdelaregion.com\/index.php\/wp-json\/wp\/v2\/posts\/34958","targetHints":{"allow":["GET"]}}],"collection":[{"href":"https:\/\/vocesdelaregion.com\/index.php\/wp-json\/wp\/v2\/posts"}],"about":[{"href":"https:\/\/vocesdelaregion.com\/index.php\/wp-json\/wp\/v2\/types\/post"}],"author":[{"embeddable":true,"href":"https:\/\/vocesdelaregion.com\/index.php\/wp-json\/wp\/v2\/users\/1"}],"replies":[{"embeddable":true,"href":"https:\/\/vocesdelaregion.com\/index.php\/wp-json\/wp\/v2\/comments?post=34958"}],"version-history":[{"count":2,"href":"https:\/\/vocesdelaregion.com\/index.php\/wp-json\/wp\/v2\/posts\/34958\/revisions"}],"predecessor-version":[{"id":34969,"href":"https:\/\/vocesdelaregion.com\/index.php\/wp-json\/wp\/v2\/posts\/34958\/revisions\/34969"}],"wp:featuredmedia":[{"embeddable":true,"href":"https:\/\/vocesdelaregion.com\/index.php\/wp-json\/wp\/v2\/media\/34963"}],"wp:attachment":[{"href":"https:\/\/vocesdelaregion.com\/index.php\/wp-json\/wp\/v2\/media?parent=34958"}],"wp:term":[{"taxonomy":"category","embeddable":true,"href":"https:\/\/vocesdelaregion.com\/index.php\/wp-json\/wp\/v2\/categories?post=34958"},{"taxonomy":"post_tag","embeddable":true,"href":"https:\/\/vocesdelaregion.com\/index.php\/wp-json\/wp\/v2\/tags?post=34958"}],"curies":[{"name":"wp","href":"https:\/\/api.w.org\/{rel}","templated":true}]}}