{"id":34955,"date":"2025-11-28T16:49:00","date_gmt":"2025-11-28T21:49:00","guid":{"rendered":"https:\/\/vocesdelaregion.com\/?p=34955"},"modified":"2025-12-03T16:52:19","modified_gmt":"2025-12-03T21:52:19","slug":"progresan-trabajos-en-el-bulevar-de-san-jorge-suspension-de-obra-por-festival-cultural-gastronomico-y-comercial","status":"publish","type":"post","link":"https:\/\/vocesdelaregion.com\/index.php\/2025\/11\/28\/progresan-trabajos-en-el-bulevar-de-san-jorge-suspension-de-obra-por-festival-cultural-gastronomico-y-comercial\/","title":{"rendered":"Progresan trabajos en el Bulevar de San Jorge; suspensi\u00f3n de obra por Festival Cultural, Gastron\u00f3mico y Comercial"},"content":{"rendered":"\n<ul class=\"wp-block-list\">\n<li><strong><em>El Bulevar de San Jorge suspender\u00e1 trabajos durante el fin de semana, del 29 y 30 de noviembre, para\u00a0<strong><em>permitir la realizaci\u00f3n del Festival Cultural, Gastron\u00f3mico y Comercial<\/em><\/strong><\/em><\/strong>.<\/li>\n\n\n\n<li><strong><em>Las obras est\u00e1n en el punto de aplicaci\u00f3n de asfalto en dos tramos del sector; se retomar\u00e1n la pr\u00f3xima semana para finalizar este frente de intervenci\u00f3n.<\/em><\/strong><\/li>\n<\/ul>\n\n\n\n<p>La Alcald\u00eda de Manizales, a trav\u00e9s de la Secretar\u00eda de Infraestructura, informa c\u00f3mo van los trabajos en el proyecto del Bulevar de San Jorge: durante la semana se adelant\u00f3 la aplicaci\u00f3n de asfalto desde la calle 51, intervenci\u00f3n que se desarrolla en dos tramos para garantizar un proceso seguro y organizado, en este importante corredor vial del barrio.<\/p>\n\n\n\n<p>Con motivo de la programaci\u00f3n institucional y con el fin de impulsar la econom\u00eda local, hoy se suspenden temporalmente las actividades de obra para dar paso al Festival Cultural, Gastron\u00f3mico y Comercial, que se realizar\u00e1 desde la tarde del viernes (3:00 p. m.) y durante el s\u00e1bado. La suspensi\u00f3n permitir\u00e1 adecuar el espacio y brindar condiciones \u00f3ptimas para comerciantes, artistas, visitantes y emprendedores que har\u00e1n parte de la celebraci\u00f3n.<\/p>\n\n\n\n<p>Una vez concluya el festival, la pr\u00f3xima semana se retomar\u00e1n las intervenciones con el objetivo de terminar la aplicaci\u00f3n del asfalto en el tramo restante, dando continuidad al proceso de transformaci\u00f3n urbana previsto para el Bulevar de San Jorge.<\/p>\n\n\n\n<figure class=\"wp-block-embed is-type-video is-provider-youtube wp-block-embed-youtube wp-embed-aspect-16-9 wp-has-aspect-ratio\"><div class=\"wp-block-embed__wrapper\">\n<iframe title=\"La secretaria de Infraestructura de Manizales, Claudia Marcela Cardona Mej\u00eda\" width=\"640\" height=\"360\" src=\"https:\/\/www.youtube.com\/embed\/ooHJq4YiysQ?feature=oembed\" frameborder=\"0\" allow=\"accelerometer; autoplay; clipboard-write; encrypted-media; gyroscope; picture-in-picture; web-share\" referrerpolicy=\"strict-origin-when-cross-origin\" allowfullscreen><\/iframe>\n<\/div><figcaption class=\"wp-element-caption\"><strong><em>Video: con la secretaria de Infraestructura de Manizales, Claudia Marcela Cardona Mej\u00eda<\/em>.<\/strong><\/figcaption><\/figure>\n\n\n\n<p>La Alcald\u00eda de Manizales invita a la ciudadan\u00eda a participar de una feria que resalta el talento, la gastronom\u00eda y la actividad comercial, mientras progresa la modernizaci\u00f3n y recuperaci\u00f3n de espacios p\u00fablicos en la ciudad.<\/p>\n","protected":false},"excerpt":{"rendered":"<p>La Alcald\u00eda de Manizales, a trav\u00e9s de la Secretar\u00eda de Infraestructura, informa c\u00f3mo van los trabajos en el proyecto del Bulevar de San Jorge: durante la semana se adelant\u00f3 la aplicaci\u00f3n de asfalto desde la calle 51, intervenci\u00f3n que se desarrolla en dos tramos para garantizar un proceso seguro y organizado, en este importante corredor [&hellip;]<\/p>\n","protected":false},"author":1,"featured_media":34956,"comment_status":"closed","ping_status":"closed","sticky":false,"template":"","format":"standard","meta":{"om_disable_all_campaigns":false,"_monsterinsights_skip_tracking":false,"_monsterinsights_sitenote_active":false,"_monsterinsights_sitenote_note":"","_monsterinsights_sitenote_category":0,"_uf_show_specific_survey":0,"_uf_disable_surveys":false,"footnotes":""},"categories":[355,58],"tags":[],"class_list":["post-34955","post","type-post","status-publish","format-standard","has-post-thumbnail","hentry","category-alcaldia-de-manizales","category-alcaldias"],"aioseo_notices":[],"blog_post_layout_featured_media_urls":{"thumbnail":["https:\/\/vocesdelaregion.com\/wp-content\/uploads\/2025\/12\/WhatsApp-Image-2025-11-28-at-9.50.26-AM-150x150.jpeg",150,150,true],"full":["https:\/\/vocesdelaregion.com\/wp-content\/uploads\/2025\/12\/WhatsApp-Image-2025-11-28-at-9.50.26-AM.jpeg",1140,1425,false]},"categories_names":{"355":{"name":"Alcald\u00eda de Manizales","link":"https:\/\/vocesdelaregion.com\/index.php\/category\/alcaldias\/alcaldia-de-manizales\/"},"58":{"name":"Alcald\u00edas","link":"https:\/\/vocesdelaregion.com\/index.php\/category\/alcaldias\/"}},"tags_names":[],"comments_number":"0","wpmagazine_modules_lite_featured_media_urls":{"thumbnail":["https:\/\/vocesdelaregion.com\/wp-content\/uploads\/2025\/12\/WhatsApp-Image-2025-11-28-at-9.50.26-AM-150x150.jpeg",150,150,true],"cvmm-medium":["https:\/\/vocesdelaregion.com\/wp-content\/uploads\/2025\/12\/WhatsApp-Image-2025-11-28-at-9.50.26-AM-300x300.jpeg",300,300,true],"cvmm-medium-plus":["https:\/\/vocesdelaregion.com\/wp-content\/uploads\/2025\/12\/WhatsApp-Image-2025-11-28-at-9.50.26-AM-305x207.jpeg",305,207,true],"cvmm-portrait":["https:\/\/vocesdelaregion.com\/wp-content\/uploads\/2025\/12\/WhatsApp-Image-2025-11-28-at-9.50.26-AM-400x600.jpeg",400,600,true],"cvmm-medium-square":["https:\/\/vocesdelaregion.com\/wp-content\/uploads\/2025\/12\/WhatsApp-Image-2025-11-28-at-9.50.26-AM-600x600.jpeg",600,600,true],"cvmm-large":["https:\/\/vocesdelaregion.com\/wp-content\/uploads\/2025\/12\/WhatsApp-Image-2025-11-28-at-9.50.26-AM-1024x1024.jpeg",1024,1024,true],"cvmm-small":["https:\/\/vocesdelaregion.com\/wp-content\/uploads\/2025\/12\/WhatsApp-Image-2025-11-28-at-9.50.26-AM-130x95.jpeg",130,95,true],"full":["https:\/\/vocesdelaregion.com\/wp-content\/uploads\/2025\/12\/WhatsApp-Image-2025-11-28-at-9.50.26-AM.jpeg",1140,1425,false]},"_links":{"self":[{"href":"https:\/\/vocesdelaregion.com\/index.php\/wp-json\/wp\/v2\/posts\/34955","targetHints":{"allow":["GET"]}}],"collection":[{"href":"https:\/\/vocesdelaregion.com\/index.php\/wp-json\/wp\/v2\/posts"}],"about":[{"href":"https:\/\/vocesdelaregion.com\/index.php\/wp-json\/wp\/v2\/types\/post"}],"author":[{"embeddable":true,"href":"https:\/\/vocesdelaregion.com\/index.php\/wp-json\/wp\/v2\/users\/1"}],"replies":[{"embeddable":true,"href":"https:\/\/vocesdelaregion.com\/index.php\/wp-json\/wp\/v2\/comments?post=34955"}],"version-history":[{"count":1,"href":"https:\/\/vocesdelaregion.com\/index.php\/wp-json\/wp\/v2\/posts\/34955\/revisions"}],"predecessor-version":[{"id":34957,"href":"https:\/\/vocesdelaregion.com\/index.php\/wp-json\/wp\/v2\/posts\/34955\/revisions\/34957"}],"wp:featuredmedia":[{"embeddable":true,"href":"https:\/\/vocesdelaregion.com\/index.php\/wp-json\/wp\/v2\/media\/34956"}],"wp:attachment":[{"href":"https:\/\/vocesdelaregion.com\/index.php\/wp-json\/wp\/v2\/media?parent=34955"}],"wp:term":[{"taxonomy":"category","embeddable":true,"href":"https:\/\/vocesdelaregion.com\/index.php\/wp-json\/wp\/v2\/categories?post=34955"},{"taxonomy":"post_tag","embeddable":true,"href":"https:\/\/vocesdelaregion.com\/index.php\/wp-json\/wp\/v2\/tags?post=34955"}],"curies":[{"name":"wp","href":"https:\/\/api.w.org\/{rel}","templated":true}]}}