{"id":2965,"date":"2024-10-20T15:12:48","date_gmt":"2024-10-20T20:12:48","guid":{"rendered":"https:\/\/vocesdelaregion.com\/?p=2965"},"modified":"2024-10-23T16:29:15","modified_gmt":"2024-10-23T21:29:15","slug":"continua-la-ofensiva-contra-el-trafico-local-de-estupefacientes","status":"publish","type":"post","link":"https:\/\/vocesdelaregion.com\/index.php\/2024\/10\/20\/continua-la-ofensiva-contra-el-trafico-local-de-estupefacientes\/","title":{"rendered":"Contin\u00faa la ofensiva contra el tr\u00e1fico local de estupefacientes"},"content":{"rendered":"\n<p>Capturado expendedor y desmantelado punto de venta de drogas o com\u00fanmente llamada \u201cOlla\u201d, la cual estaba \u201cbien surtida&#8221; con diferentes clases de estupefacientes. El hecho se registr\u00f3 en La Dorada.<\/p>\n\n\n\n<p>Bajo los lineamientos del se\u00f1or director general de la Polic\u00eda Nacional, William Ren\u00e9 Salamanca, y en alineaci\u00f3n con el horizonte de Seguridad Ciudadana Urbana e Investigaci\u00f3n Criminal, el Departamento de Polic\u00eda Caldas, en coordinaci\u00f3n con la fiscal\u00eda general de la Naci\u00f3n, logr\u00f3 erradicar un expendio de estupefacientes en el municipio de La Dorada.<\/p>\n\n\n\n<figure class=\"wp-block-video\"><video height=\"1080\" style=\"aspect-ratio: 1080 \/ 1080;\" width=\"1080\" autoplay controls src=\"https:\/\/vocesdelaregion.com\/wp-content\/uploads\/2024\/10\/decal-2.mp4\"><\/video><\/figure>\n\n\n\n<p>En el marco de la estrategia integral de seguridad &#8220;Caldas M\u00e1s Segura&#8221; y como parte de la ofensiva contra el tr\u00e1fico de estupefacientes, uniformados de la Seccional de Investigaci\u00f3n Criminal (SIJIN), capturaron a un presunto expendedor de drogas, reafirmando su compromiso con la seguridad ciudadana.<\/p>\n\n\n\n<p>Tras un exhaustivo trabajo investigativo y la recolecci\u00f3n de pruebas, se ejecut\u00f3 una diligencia de registro y allanamiento en un punto de distribuci\u00f3n de estupefacientes, conocido como &#8220;olla de vicio&#8221;, que afectaba la seguridad y convivencia del sector.<\/p>\n\n\n\n<p>Durante el allanamiento, se captur\u00f3 en flagrancia a un hombre de 30 a\u00f1os y se incaut\u00f3 una cantidad significativa de sustancias ilegales, entre ellas coca\u00edna, basuco y perico. Adem\u00e1s, se decomis\u00f3 un tel\u00e9fono celular y $70 mil pesos en efectivo, presuntamente producto de la venta de drogas. Las investigaciones se\u00f1alan que el detenido operaba en el sector de Guaracho.<\/p>\n\n\n\n<p>Este operativo es parte de una ofensiva sostenida contra los expendios de estupefacientes o &#8220;ollas de vicio&#8221; en La Dorada y otros municipios del departamento de Caldas. Reafirmamos nuestro compromiso de judicializar a los responsables de este delito y erradicar por completo estos puntos de venta que afectan la tranquilidad de los ciudadanos.<\/p>\n\n\n\n<p>El capturado fue puesto a disposici\u00f3n de la autoridad judicial correspondiente y ser\u00e1 procesado por el presunto delito de tr\u00e1fico, fabricaci\u00f3n o porte de estupefacientes.<\/p>\n\n\n\n<p>La Polic\u00eda Nacional, &#8220;Patrimonio de los colombianos&#8221;, contin\u00faa desarrollando acciones contundentes para garantizar la seguridad y la convivencia en todo el departamento de Caldas. Se invita a la comunidad a colaborar con informaci\u00f3n que permita avanzar en la lucha contra el microtr\u00e1fico y cualquier otra actividad delictiva que ponga en riesgo la convivencia pac\u00edfica.<\/p>\n\n\n\n<p><\/p>\n","protected":false},"excerpt":{"rendered":"<p>Capturado expendedor y desmantelado punto de venta de drogas o com\u00fanmente llamada \u201cOlla\u201d, la cual estaba \u201cbien surtida&#8221; con diferentes clases de estupefacientes. El hecho se registr\u00f3 en La Dorada. Bajo los lineamientos del se\u00f1or director general de la Polic\u00eda Nacional, William Ren\u00e9 Salamanca, y en alineaci\u00f3n con el horizonte de Seguridad Ciudadana Urbana e [&hellip;]<\/p>\n","protected":false},"author":3,"featured_media":2967,"comment_status":"open","ping_status":"open","sticky":false,"template":"","format":"standard","meta":{"om_disable_all_campaigns":false,"_monsterinsights_skip_tracking":false,"_monsterinsights_sitenote_active":false,"_monsterinsights_sitenote_note":"","_monsterinsights_sitenote_category":0,"_uf_show_specific_survey":0,"_uf_disable_surveys":false,"footnotes":""},"categories":[25,45],"tags":[],"class_list":["post-2965","post","type-post","status-publish","format-standard","has-post-thumbnail","hentry","category-judicial","category-magdalena"],"aioseo_notices":[],"blog_post_layout_featured_media_urls":{"thumbnail":["https:\/\/vocesdelaregion.com\/wp-content\/uploads\/2024\/10\/David-Fernando-Toro-Gomez-1-150x150.png",150,150,true],"full":["https:\/\/vocesdelaregion.com\/wp-content\/uploads\/2024\/10\/David-Fernando-Toro-Gomez-1.png",1920,1080,false]},"categories_names":{"25":{"name":"Judicial","link":"https:\/\/vocesdelaregion.com\/index.php\/category\/judicial\/"},"45":{"name":"Magdalena","link":"https:\/\/vocesdelaregion.com\/index.php\/category\/caldas\/magdalena\/"}},"tags_names":[],"comments_number":"0","wpmagazine_modules_lite_featured_media_urls":{"thumbnail":["https:\/\/vocesdelaregion.com\/wp-content\/uploads\/2024\/10\/David-Fernando-Toro-Gomez-1-150x150.png",150,150,true],"cvmm-medium":["https:\/\/vocesdelaregion.com\/wp-content\/uploads\/2024\/10\/David-Fernando-Toro-Gomez-1-300x300.png",300,300,true],"cvmm-medium-plus":["https:\/\/vocesdelaregion.com\/wp-content\/uploads\/2024\/10\/David-Fernando-Toro-Gomez-1-305x207.png",305,207,true],"cvmm-portrait":["https:\/\/vocesdelaregion.com\/wp-content\/uploads\/2024\/10\/David-Fernando-Toro-Gomez-1-400x600.png",400,600,true],"cvmm-medium-square":["https:\/\/vocesdelaregion.com\/wp-content\/uploads\/2024\/10\/David-Fernando-Toro-Gomez-1-600x600.png",600,600,true],"cvmm-large":["https:\/\/vocesdelaregion.com\/wp-content\/uploads\/2024\/10\/David-Fernando-Toro-Gomez-1-1024x1024.png",1024,1024,true],"cvmm-small":["https:\/\/vocesdelaregion.com\/wp-content\/uploads\/2024\/10\/David-Fernando-Toro-Gomez-1-130x95.png",130,95,true],"full":["https:\/\/vocesdelaregion.com\/wp-content\/uploads\/2024\/10\/David-Fernando-Toro-Gomez-1.png",1920,1080,false]},"_links":{"self":[{"href":"https:\/\/vocesdelaregion.com\/index.php\/wp-json\/wp\/v2\/posts\/2965","targetHints":{"allow":["GET"]}}],"collection":[{"href":"https:\/\/vocesdelaregion.com\/index.php\/wp-json\/wp\/v2\/posts"}],"about":[{"href":"https:\/\/vocesdelaregion.com\/index.php\/wp-json\/wp\/v2\/types\/post"}],"author":[{"embeddable":true,"href":"https:\/\/vocesdelaregion.com\/index.php\/wp-json\/wp\/v2\/users\/3"}],"replies":[{"embeddable":true,"href":"https:\/\/vocesdelaregion.com\/index.php\/wp-json\/wp\/v2\/comments?post=2965"}],"version-history":[{"count":1,"href":"https:\/\/vocesdelaregion.com\/index.php\/wp-json\/wp\/v2\/posts\/2965\/revisions"}],"predecessor-version":[{"id":2968,"href":"https:\/\/vocesdelaregion.com\/index.php\/wp-json\/wp\/v2\/posts\/2965\/revisions\/2968"}],"wp:featuredmedia":[{"embeddable":true,"href":"https:\/\/vocesdelaregion.com\/index.php\/wp-json\/wp\/v2\/media\/2967"}],"wp:attachment":[{"href":"https:\/\/vocesdelaregion.com\/index.php\/wp-json\/wp\/v2\/media?parent=2965"}],"wp:term":[{"taxonomy":"category","embeddable":true,"href":"https:\/\/vocesdelaregion.com\/index.php\/wp-json\/wp\/v2\/categories?post=2965"},{"taxonomy":"post_tag","embeddable":true,"href":"https:\/\/vocesdelaregion.com\/index.php\/wp-json\/wp\/v2\/tags?post=2965"}],"curies":[{"name":"wp","href":"https:\/\/api.w.org\/{rel}","templated":true}]}}