{"id":1838,"date":"2024-03-02T16:54:35","date_gmt":"2024-03-02T21:54:35","guid":{"rendered":"https:\/\/vocesdelaregion.com\/?p=1838"},"modified":"2025-03-24T14:27:19","modified_gmt":"2025-03-24T19:27:19","slug":"en-anato-risaralda-logro-expectativas-de-negocio-por-encima-de-los-6-mil-millones-de-pesos","status":"publish","type":"post","link":"https:\/\/vocesdelaregion.com\/index.php\/2024\/03\/02\/en-anato-risaralda-logro-expectativas-de-negocio-por-encima-de-los-6-mil-millones-de-pesos\/","title":{"rendered":"En Anato, Risaralda logr\u00f3 expectativas de negocio por encima de los 6 mil millones de pesos"},"content":{"rendered":"\n<ul class=\"wp-block-list\">\n<li>M\u00e1s de 360 personas fueron atendidas y registradas con el c\u00f3digo QR del Departamento en el estand de \u201cRisaralda, un destino lleno de vida\u201d.<\/li>\n<\/ul>\n\n\n\n<p>Sumadas las proyecciones de venta a las que han llegado los sectores hotelero, las agencias de viajes y los promotores de turismo locales, las expectativas de negocio para Risaralda en Anato, son de 6.037 millones de pesos.<br><\/p>\n\n\n\n<p>As\u00ed lo dio a conocer el secretario de Desarrollo Econ\u00f3mico y Competitividad, \u00c1lvaro Arias V\u00e9lez, al concluir la edici\u00f3n 43 de la Vitrina Tur\u00edstica de Anato, en Bogot\u00e1, en la que tambi\u00e9n fue protagonista el gobernador de Risaralda Juan Diego Pati\u00f1o Ochoa,<br>promocionando el caf\u00e9 especial del territorio, 14 Estrellas.<\/p>\n\n\n\n<p><br>\u201cComo siempre, Risaralda se luci\u00f3 con un estand que integra nuestra cultura, nuestra idiosincrasia, con todo ese potencial tur\u00edstico que tienen cada uno de nuestros municipios\u201d, dijo el secretario \u00c1lvaro Arias V\u00e9lez, quien a\u00f1adi\u00f3 que \u201cLas ventas fueron muy buenas; la proyecci\u00f3n est\u00e1 en 6 mil 37 millones de pesos y se atendieron m\u00e1s de 360 personas durante los 3 d\u00edas de feria\u201d.<\/p>\n\n\n\n<figure class=\"wp-block-audio\"><audio controls src=\"https:\/\/vocesdelaregion.com\/wp-content\/uploads\/2024\/03\/AUD-20240302-WA0043.m4a\"><\/audio><figcaption class=\"wp-element-caption\">\u00c1lvaro Arias V\u00e9lez, secretario de Desarrollo Econ\u00f3mico y Competitividad<\/figcaption><\/figure>\n\n\n\n<p><br>El balance incluye una enorme satisfacci\u00f3n por parte de los 25 promotores tur\u00edsticos que desplaz\u00f3 la Gobernaci\u00f3n de Risaralda, ya que tuvieron el espacio apropiado para dar a conocer las bondades tur\u00edsticas de sus respectivos municipios. <\/p>\n\n\n\n<figure class=\"wp-block-image size-large\"><img fetchpriority=\"high\" decoding=\"async\" width=\"1024\" height=\"790\" src=\"https:\/\/vocesdelaregion.com\/wp-content\/uploads\/2024\/03\/img-20240302-wa00416852105196167108179-1024x790.jpg\" alt=\"\" class=\"wp-image-1837\" srcset=\"https:\/\/vocesdelaregion.com\/wp-content\/uploads\/2024\/03\/img-20240302-wa00416852105196167108179-1024x790.jpg 1024w, https:\/\/vocesdelaregion.com\/wp-content\/uploads\/2024\/03\/img-20240302-wa00416852105196167108179-300x231.jpg 300w, https:\/\/vocesdelaregion.com\/wp-content\/uploads\/2024\/03\/img-20240302-wa00416852105196167108179-768x592.jpg 768w, https:\/\/vocesdelaregion.com\/wp-content\/uploads\/2024\/03\/img-20240302-wa00416852105196167108179-600x463.jpg 600w, https:\/\/vocesdelaregion.com\/wp-content\/uploads\/2024\/03\/img-20240302-wa00416852105196167108179.jpg 1105w\" sizes=\"(max-width: 1024px) 100vw, 1024px\" \/><\/figure>\n\n\n\n<p><br>Durante los tres d\u00edas de la Vitrina, la Gobernaci\u00f3n dio a conocer su marca de \u201cHecho en Risaralda\u201d y los productos que cobija, entre ellos, el impulso a los caf\u00e9s excelsos que se cultivan en las monta\u00f1as del territorio, enmarcadas en las cordilleras Central y Occidental.<\/p>\n\n\n\n<p><br>Por su parte, los municipios de Dosquebradas y Pereira recibieron una capacitaci\u00f3n especial en su condici\u00f3n de municipios certificados en turismo. <\/p>\n\n\n\n<p><br>\u201cTuvimos un acercamiento con el viceministro de Comercio, Industria y Turismo\u201d, Arturo Bravo, para conocer las l\u00edneas de trabajo de los proyectos que tiene en marcha el gobierno nacional y la oferta <br>tur\u00edstica y empresarial a la que queremos acceder\u201d, explic\u00f3 el secretario Arias V\u00e9lez. <\/p>\n\n\n\n<p><br>Risaralda ofert\u00f3 su territorio bajo el eslogan de \u201cRisaralda, un destino lleno de vida\u201d, que incluye la naturaleza, el paisaje, el avistamiento de aves, el senderismo, los caf\u00e9s especiales, el caf\u00e9 tradicional, el verde de las monta\u00f1as, as\u00ed como el turismo religioso, sin dejar a un lado la calidez humana de los risaraldenses.<\/p>\n\n\n\n<figure class=\"wp-block-audio\"><audio controls src=\"https:\/\/vocesdelaregion.com\/wp-content\/uploads\/2024\/03\/FRANCY-YULIANA-CRUZ-SANTUARIO.mp3\"><\/audio><figcaption class=\"wp-element-caption\">Francy Yuliana Cruz, secretaria de Desarrollo Econ\u00f3mico municipio de Santuario <\/figcaption><\/figure>\n","protected":false},"excerpt":{"rendered":"<p>Sumadas las proyecciones de venta a las que han llegado los sectores hotelero, las agencias de viajes y los promotores de turismo locales, las expectativas de negocio para Risaralda en Anato, son de 6.037 millones de pesos. As\u00ed lo dio a conocer el secretario de Desarrollo Econ\u00f3mico y Competitividad, \u00c1lvaro Arias V\u00e9lez, al concluir la [&hellip;]<\/p>\n","protected":false},"author":1,"featured_media":1836,"comment_status":"open","ping_status":"open","sticky":false,"template":"","format":"standard","meta":{"om_disable_all_campaigns":false,"_monsterinsights_skip_tracking":false,"_monsterinsights_sitenote_active":false,"_monsterinsights_sitenote_note":"","_monsterinsights_sitenote_category":0,"_uf_show_specific_survey":0,"_uf_disable_surveys":false,"footnotes":""},"categories":[358,356],"tags":[],"class_list":["post-1838","post","type-post","status-publish","format-standard","has-post-thumbnail","hentry","category-gobernacion-de-risaralda","category-gobernaciones"],"aioseo_notices":[],"blog_post_layout_featured_media_urls":{"thumbnail":["https:\/\/vocesdelaregion.com\/wp-content\/uploads\/2024\/03\/IMG-20240302-WA0042-150x150.jpg",150,150,true],"full":["https:\/\/vocesdelaregion.com\/wp-content\/uploads\/2024\/03\/IMG-20240302-WA0042.jpg",1280,854,false]},"categories_names":{"358":{"name":"Gobernaci\u00f3n de Risaralda","link":"https:\/\/vocesdelaregion.com\/index.php\/category\/gobernaciones\/gobernacion-de-risaralda\/"},"356":{"name":"Gobernaciones","link":"https:\/\/vocesdelaregion.com\/index.php\/category\/gobernaciones\/"}},"tags_names":[],"comments_number":"0","wpmagazine_modules_lite_featured_media_urls":{"thumbnail":["https:\/\/vocesdelaregion.com\/wp-content\/uploads\/2024\/03\/IMG-20240302-WA0042-150x150.jpg",150,150,true],"cvmm-medium":["https:\/\/vocesdelaregion.com\/wp-content\/uploads\/2024\/03\/IMG-20240302-WA0042-300x300.jpg",300,300,true],"cvmm-medium-plus":["https:\/\/vocesdelaregion.com\/wp-content\/uploads\/2024\/03\/IMG-20240302-WA0042-305x207.jpg",305,207,true],"cvmm-portrait":["https:\/\/vocesdelaregion.com\/wp-content\/uploads\/2024\/03\/IMG-20240302-WA0042-400x600.jpg",400,600,true],"cvmm-medium-square":["https:\/\/vocesdelaregion.com\/wp-content\/uploads\/2024\/03\/IMG-20240302-WA0042-600x600.jpg",600,600,true],"cvmm-large":["https:\/\/vocesdelaregion.com\/wp-content\/uploads\/2024\/03\/IMG-20240302-WA0042-1024x854.jpg",1024,854,true],"cvmm-small":["https:\/\/vocesdelaregion.com\/wp-content\/uploads\/2024\/03\/IMG-20240302-WA0042-130x95.jpg",130,95,true],"full":["https:\/\/vocesdelaregion.com\/wp-content\/uploads\/2024\/03\/IMG-20240302-WA0042.jpg",1280,854,false]},"_links":{"self":[{"href":"https:\/\/vocesdelaregion.com\/index.php\/wp-json\/wp\/v2\/posts\/1838","targetHints":{"allow":["GET"]}}],"collection":[{"href":"https:\/\/vocesdelaregion.com\/index.php\/wp-json\/wp\/v2\/posts"}],"about":[{"href":"https:\/\/vocesdelaregion.com\/index.php\/wp-json\/wp\/v2\/types\/post"}],"author":[{"embeddable":true,"href":"https:\/\/vocesdelaregion.com\/index.php\/wp-json\/wp\/v2\/users\/1"}],"replies":[{"embeddable":true,"href":"https:\/\/vocesdelaregion.com\/index.php\/wp-json\/wp\/v2\/comments?post=1838"}],"version-history":[{"count":1,"href":"https:\/\/vocesdelaregion.com\/index.php\/wp-json\/wp\/v2\/posts\/1838\/revisions"}],"predecessor-version":[{"id":1839,"href":"https:\/\/vocesdelaregion.com\/index.php\/wp-json\/wp\/v2\/posts\/1838\/revisions\/1839"}],"wp:featuredmedia":[{"embeddable":true,"href":"https:\/\/vocesdelaregion.com\/index.php\/wp-json\/wp\/v2\/media\/1836"}],"wp:attachment":[{"href":"https:\/\/vocesdelaregion.com\/index.php\/wp-json\/wp\/v2\/media?parent=1838"}],"wp:term":[{"taxonomy":"category","embeddable":true,"href":"https:\/\/vocesdelaregion.com\/index.php\/wp-json\/wp\/v2\/categories?post=1838"},{"taxonomy":"post_tag","embeddable":true,"href":"https:\/\/vocesdelaregion.com\/index.php\/wp-json\/wp\/v2\/tags?post=1838"}],"curies":[{"name":"wp","href":"https:\/\/api.w.org\/{rel}","templated":true}]}}