{"id":1705,"date":"2024-02-19T14:24:00","date_gmt":"2024-02-19T19:24:00","guid":{"rendered":"https:\/\/vocesdelaregion.com\/?p=1705"},"modified":"2024-02-21T18:22:14","modified_gmt":"2024-02-21T23:22:14","slug":"en-flagrancia-fue-capturado-un-hombre-de-32-anos-con-droga-sintetica","status":"publish","type":"post","link":"https:\/\/vocesdelaregion.com\/index.php\/2024\/02\/19\/en-flagrancia-fue-capturado-un-hombre-de-32-anos-con-droga-sintetica\/","title":{"rendered":"En flagrancia fue capturado un hombre de 32 a\u00f1os con droga sint\u00e9tica"},"content":{"rendered":"\n<p>La Polic\u00eda Nacional en Manizales, en el marco del Plan de Seguridad y convivencia ciudadana, captur\u00f3 a un hombre por el delito de tr\u00e1fico, fabricaci\u00f3n o porte<\/p>\n\n\n\n<p>Los uniformados adscritos a la unidad b\u00e1sica de investigaci\u00f3n criminal de la Seccional de Protecci\u00f3n y Servicios Especiales, se encontraban realizando actividades de registro y control en el sector de La Galer\u00eda y observaron a un ciudadano en actitud sospechosa procedieron a practicarle un registro personal no invasivo hall\u00e1ndose en su poder cuatro bolsas de sello herm\u00e9tico, las cuales en su interior conten\u00edan una sustancia s\u00f3lida pulverulenta similares al estupefaciente conocido como TUSI, esto seg\u00fan la Prueba de Identificaci\u00f3n Preliminar Homologada (PIPH). El Intendente Jos\u00e9 Sangregorio, Jefe UBIC SEPRO MEMAZ se refiere a este caso.<\/p>\n\n\n\n<figure class=\"wp-block-audio\"><audio controls src=\"https:\/\/vocesdelaregion.com\/wp-content\/uploads\/2024\/02\/Droga-sintetica.mp3\" autoplay><\/audio><\/figure>\n\n\n\n<p>De inmediato se le dieron a conocer sus derechos como persona capturada por el delito de tr\u00e1fico, fabricaci\u00f3n o porte de estupefacientes art\u00edculo 376 de la ley 599 y fue dejado a disposici\u00f3n de la Fiscal\u00eda.<\/p>\n\n\n\n<p>El Comando de la Polic\u00eda Metropolitana de Manizales ratifica su compromiso en la lucha frontal contra el tr\u00e1fico de estupefacientes en la jurisdicci\u00f3n de Manizales y Villamar\u00eda invitando a la ciudadan\u00eda en general a denunciar todo hecho delictivo a las l\u00edneas de emergencia 123 y 167 antinarc\u00f3ticos.<\/p>\n\n\n\n<p><\/p>\n","protected":false},"excerpt":{"rendered":"<p>La Polic\u00eda Nacional en Manizales, en el marco del Plan de Seguridad y convivencia ciudadana, captur\u00f3 a un hombre por el delito de tr\u00e1fico, fabricaci\u00f3n o porte Los uniformados adscritos a la unidad b\u00e1sica de investigaci\u00f3n criminal de la Seccional de Protecci\u00f3n y Servicios Especiales, se encontraban realizando actividades de registro y control en el [&hellip;]<\/p>\n","protected":false},"author":1,"featured_media":1707,"comment_status":"open","ping_status":"open","sticky":false,"template":"","format":"standard","meta":{"om_disable_all_campaigns":false,"_monsterinsights_skip_tracking":false,"_monsterinsights_sitenote_active":false,"_monsterinsights_sitenote_note":"","_monsterinsights_sitenote_category":0,"_uf_show_specific_survey":0,"_uf_disable_surveys":false,"footnotes":""},"categories":[25],"tags":[],"class_list":["post-1705","post","type-post","status-publish","format-standard","has-post-thumbnail","hentry","category-judicial"],"aioseo_notices":[],"blog_post_layout_featured_media_urls":{"thumbnail":["https:\/\/vocesdelaregion.com\/wp-content\/uploads\/2024\/02\/WhatsApp-Image-2024-02-19-at-2.54.06-PM-150x150.jpeg",150,150,true],"full":["https:\/\/vocesdelaregion.com\/wp-content\/uploads\/2024\/02\/WhatsApp-Image-2024-02-19-at-2.54.06-PM.jpeg",1270,1126,false]},"categories_names":{"25":{"name":"Judicial","link":"https:\/\/vocesdelaregion.com\/index.php\/category\/judicial\/"}},"tags_names":[],"comments_number":"0","wpmagazine_modules_lite_featured_media_urls":{"thumbnail":["https:\/\/vocesdelaregion.com\/wp-content\/uploads\/2024\/02\/WhatsApp-Image-2024-02-19-at-2.54.06-PM-150x150.jpeg",150,150,true],"cvmm-medium":["https:\/\/vocesdelaregion.com\/wp-content\/uploads\/2024\/02\/WhatsApp-Image-2024-02-19-at-2.54.06-PM-300x300.jpeg",300,300,true],"cvmm-medium-plus":["https:\/\/vocesdelaregion.com\/wp-content\/uploads\/2024\/02\/WhatsApp-Image-2024-02-19-at-2.54.06-PM-305x207.jpeg",305,207,true],"cvmm-portrait":["https:\/\/vocesdelaregion.com\/wp-content\/uploads\/2024\/02\/WhatsApp-Image-2024-02-19-at-2.54.06-PM-400x600.jpeg",400,600,true],"cvmm-medium-square":["https:\/\/vocesdelaregion.com\/wp-content\/uploads\/2024\/02\/WhatsApp-Image-2024-02-19-at-2.54.06-PM-600x600.jpeg",600,600,true],"cvmm-large":["https:\/\/vocesdelaregion.com\/wp-content\/uploads\/2024\/02\/WhatsApp-Image-2024-02-19-at-2.54.06-PM-1024x1024.jpeg",1024,1024,true],"cvmm-small":["https:\/\/vocesdelaregion.com\/wp-content\/uploads\/2024\/02\/WhatsApp-Image-2024-02-19-at-2.54.06-PM-130x95.jpeg",130,95,true],"full":["https:\/\/vocesdelaregion.com\/wp-content\/uploads\/2024\/02\/WhatsApp-Image-2024-02-19-at-2.54.06-PM.jpeg",1270,1126,false]},"_links":{"self":[{"href":"https:\/\/vocesdelaregion.com\/index.php\/wp-json\/wp\/v2\/posts\/1705","targetHints":{"allow":["GET"]}}],"collection":[{"href":"https:\/\/vocesdelaregion.com\/index.php\/wp-json\/wp\/v2\/posts"}],"about":[{"href":"https:\/\/vocesdelaregion.com\/index.php\/wp-json\/wp\/v2\/types\/post"}],"author":[{"embeddable":true,"href":"https:\/\/vocesdelaregion.com\/index.php\/wp-json\/wp\/v2\/users\/1"}],"replies":[{"embeddable":true,"href":"https:\/\/vocesdelaregion.com\/index.php\/wp-json\/wp\/v2\/comments?post=1705"}],"version-history":[{"count":2,"href":"https:\/\/vocesdelaregion.com\/index.php\/wp-json\/wp\/v2\/posts\/1705\/revisions"}],"predecessor-version":[{"id":1710,"href":"https:\/\/vocesdelaregion.com\/index.php\/wp-json\/wp\/v2\/posts\/1705\/revisions\/1710"}],"wp:featuredmedia":[{"embeddable":true,"href":"https:\/\/vocesdelaregion.com\/index.php\/wp-json\/wp\/v2\/media\/1707"}],"wp:attachment":[{"href":"https:\/\/vocesdelaregion.com\/index.php\/wp-json\/wp\/v2\/media?parent=1705"}],"wp:term":[{"taxonomy":"category","embeddable":true,"href":"https:\/\/vocesdelaregion.com\/index.php\/wp-json\/wp\/v2\/categories?post=1705"},{"taxonomy":"post_tag","embeddable":true,"href":"https:\/\/vocesdelaregion.com\/index.php\/wp-json\/wp\/v2\/tags?post=1705"}],"curies":[{"name":"wp","href":"https:\/\/api.w.org\/{rel}","templated":true}]}}